{"id":122126,"date":"2025-12-31T23:00:10","date_gmt":"2025-12-31T23:00:10","guid":{"rendered":"https:\/\/www.europesays.com\/se\/122126\/"},"modified":"2025-12-31T23:00:10","modified_gmt":"2025-12-31T23:00:10","slug":"roberto-carlos-inlagd-pa-sjukhus-fotboll","status":"publish","type":"post","link":"https:\/\/www.europesays.com\/se\/122126\/","title":{"rendered":"Roberto Carlos inlagd p\u00e5 sjukhus | Fotboll"},"content":{"rendered":"<p>Publicerad 31 dec 2025 kl 14.48Uppdaterad kl 17.54<\/p>\n<p>Roberto Carlos, 52, \u00e4r inlagd p\u00e5 sjukhus och har genomg\u00e5tt en akut hj\u00e4rtoperation.<\/p>\n<p>Operationen tog n\u00e4stan tre timmar p\u00e5 grund av \u201dkomplikationer\u201d, enligt spanska <a href=\"https:\/\/as.com\/futbol\/roberto-carlos-ingresado-en-brasil-por-un-problema-de-corazon-f202512-n\/\" rel=\"nofollow noopener\" target=\"_blank\">AS<\/a>.<\/p>\n<p>\u201dNu \u00e4r jag okej\u201d, l\u00e5ter den brasilianske fotbollslegendaren h\u00e4lsa.\u00a0<\/p>\n<p><img   alt=\"\"\/><\/p>\n<p>Roberto Carlos.<\/p>\n<p>Foto: SCOTT HEPPELL \/ BILDBYR\u00c5N<\/p>\n<p>\u00d6ppna bild i helsk\u00e4rm<img loading=\"lazy\"   alt=\"\"\/><\/p>\n<p>Carlos intervjuas i USA i b\u00f6rjan av december.<\/p>\n<p>Foto: MANDEL NGAN \/ BILDBYR\u00c5N<\/p>\n<p>\u00d6ppna bild i helsk\u00e4rm<img loading=\"lazy\"   alt=\"\"\/><\/p>\n<p>Carlos under en l\u00e4karunders\u00f6kning inf\u00f6r flytten till Fenerbahce 2007.<\/p>\n<p>Foto: STRSTR \/ SCANPIX \/ EPA TT NYHETSBYR\u00c5N<\/p>\n<p>\u00d6ppna bild i helsk\u00e4rm<\/p>\n<p>Roberto Carlos var p\u00e5 semester med familjen i Brasilien. Efter att l\u00e4karna uppt\u00e4ckt en blodpropp i benet visade en helkroppsunders\u00f6kning med magnetkamera att han hade problem med hj\u00e4rtat, rapporterar spanska <a href=\"https:\/\/as.com\/futbol\/roberto-carlos-ingresado-en-brasil-por-un-problema-de-corazon-f202512-n\/\" rel=\"nofollow noopener\" target=\"_blank\">AS<\/a>.<\/p>\n<p>52-\u00e5ringen opererades akut i Sao Paulo. Ingreppet var planerat att ta 40 minuter men tog n\u00e4stan tre timmar p\u00e5 grund av komplikationer.\u00a0<\/p>\n<p>L\u00e4mnar lugnande besked\u00a0<\/p>\n<p>Nu kommer <a href=\"https:\/\/www.expressen.se\/tagg\/organization\/real-madrid\/\" class=\"\" rel=\"nofollow noopener\" target=\"_blank\">Real Madrid<\/a>-ikonen att h\u00e5llas under noggrann uppsyn under de n\u00e4rmaste 48 timmarna. AS har varit i kontakt med Carlos som meddelar att l\u00e4get \u00e4r under kontroll.<\/p>\n<p>\u201dNu \u00e4r jag okej\u201d, h\u00e4lsar Carlos enligt tidningen.<\/p>\n<p>Roberto Carlos avslutade karri\u00e4ren 2016 efter att bland annat ha vunnit VM-guld och silver med Brasilien och \u00e4r i dag ambassad\u00f6r f\u00f6r Real Madrid. Sammanlagt gjorde han 370 matcher f\u00f6r den spanska storklubben mellan 1996 och 2007.\u00a0<\/p>\n<p><img loading=\"lazy\"   alt=\"\"\/><\/p>\n<p>Carlos i Brasiliens landslag 1998.<\/p>\n<p>Foto: BILDBYR\u00c5N<\/p>\n<p>\u00d6ppna bild i helsk\u00e4rm<img loading=\"lazy\"   alt=\"\"\/><\/p>\n<p>Roberto Carlos f\u00f6r tv\u00e5 veckor sedan.<\/p>\n<p>Foto: EL RETORNO PRODUCCIONES \/ STELLA PICTURES<\/p>\n<p>\u00d6ppna bild i helsk\u00e4rm<strong>L\u00c4S MER: <\/strong><a href=\"https:\/\/www.expressen.se\/sport\/fotboll\/utpekad-som-dopad-skickar-hot-tillbaka\/\" class=\"\" rel=\"nofollow noopener\" target=\"_blank\">Utpekad som dopad: &#8221;Inte tr\u00e4ffat honom&#8221;<\/a><strong>L\u00c4S MER: <\/strong><a href=\"https:\/\/www.expressen.se\/sport\/fotboll\/osannolika-detaljen-i-legendarens-familjeliv\/\" class=\"\" rel=\"nofollow noopener\" target=\"_blank\">Osannolika detaljen i  legendarens familjeliv<\/a><img alt=\"\"\/>Ljudklippet gick inte att spela upp<\/p>\n<p>F\u00f6rs\u00f6k igen senare<\/p>\n","protected":false},"excerpt":{"rendered":"Publicerad 31 dec 2025 kl 14.48Uppdaterad kl 17.54 Roberto Carlos, 52, \u00e4r inlagd p\u00e5 sjukhus och har genomg\u00e5tt&hellip;\n","protected":false},"author":2,"featured_media":122127,"comment_status":"","ping_status":"","sticky":false,"template":"","format":"standard","meta":{"footnotes":""},"categories":[68],"tags":[12904,3153,34,129,111,110,31,33,32,30],"class_list":{"0":"post-122126","1":"post","2":"type-post","3":"status-publish","4":"format-standard","5":"has-post-thumbnail","7":"category-sport","8":"tag-organization-brasiliens-herrlandslag-i-fotboll","9":"tag-organization-real-madrid","10":"tag-se","11":"tag-sections-fotboll","12":"tag-sport","13":"tag-sports","14":"tag-svenska","15":"tag-sverige","16":"tag-sweden","17":"tag-swedish"},"share_on_mastodon":{"url":"https:\/\/pubeurope.com\/@se\/115816669013176564","error":""},"_links":{"self":[{"href":"https:\/\/www.europesays.com\/se\/wp-json\/wp\/v2\/posts\/122126","targetHints":{"allow":["GET"]}}],"collection":[{"href":"https:\/\/www.europesays.com\/se\/wp-json\/wp\/v2\/posts"}],"about":[{"href":"https:\/\/www.europesays.com\/se\/wp-json\/wp\/v2\/types\/post"}],"author":[{"embeddable":true,"href":"https:\/\/www.europesays.com\/se\/wp-json\/wp\/v2\/users\/2"}],"replies":[{"embeddable":true,"href":"https:\/\/www.europesays.com\/se\/wp-json\/wp\/v2\/comments?post=122126"}],"version-history":[{"count":0,"href":"https:\/\/www.europesays.com\/se\/wp-json\/wp\/v2\/posts\/122126\/revisions"}],"wp:featuredmedia":[{"embeddable":true,"href":"https:\/\/www.europesays.com\/se\/wp-json\/wp\/v2\/media\/122127"}],"wp:attachment":[{"href":"https:\/\/www.europesays.com\/se\/wp-json\/wp\/v2\/media?parent=122126"}],"wp:term":[{"taxonomy":"category","embeddable":true,"href":"https:\/\/www.europesays.com\/se\/wp-json\/wp\/v2\/categories?post=122126"},{"taxonomy":"post_tag","embeddable":true,"href":"https:\/\/www.europesays.com\/se\/wp-json\/wp\/v2\/tags?post=122126"}],"curies":[{"name":"wp","href":"https:\/\/api.w.org\/{rel}","templated":true}]}}