{"id":122128,"date":"2025-12-31T23:03:18","date_gmt":"2025-12-31T23:03:18","guid":{"rendered":"https:\/\/www.europesays.com\/se\/122128\/"},"modified":"2025-12-31T23:03:18","modified_gmt":"2025-12-31T23:03:18","slug":"roda-dagar-2026-sa-maxar-du-ledigheten-kring-helgerna","status":"publish","type":"post","link":"https:\/\/www.europesays.com\/se\/122128\/","title":{"rendered":"R\u00f6da dagar 2026 \u2013\u00a0s\u00e5 maxar du ledigheten kring helgerna"},"content":{"rendered":"<p>Publicerad 31 dec 2025 kl 11.10<\/p>\n<p>Nationaldagen och pingst intr\u00e4ffar p\u00e5 en l\u00f6rdag och en s\u00f6ndag.<\/p>\n<p>Men det finns ocks\u00e5 m\u00f6jligheter f\u00f6r den som vill tajma in l\u00e5ngledigt kring helgerna.<\/p>\n<p>Exempelvis \u00e4r b\u00e5de julafton och ny\u00e5rsafton p\u00e5 en torsdag.<\/p>\n<p><img   alt=\"\"\/> <\/p>\n<p>Foto: ANDERS WIKLUND \/ TT NYHETSBYR\u00c5N<\/p>\n<p>\u00d6ppna bild i helsk\u00e4rm<\/p>\n<p>H\u00e4r \u00e4r alla r\u00f6da dagar 2026 och hur man kan t\u00e4nka f\u00f6r att maxa ledigheten.<\/p>\n<p><strong>NY\u00c5R OCH TRETTONHELGEN<\/strong><br \/>1\/1 ny\u00e5rsdagen (torsdag)<br \/>2\/1 och 5\/1 \u2013 ta ledigt.<br \/>6\/1 trettondagen (tisdag)<\/p>\n<p>Dagar att ta ledigt: 2<br \/>Sammanh\u00e4ngande ledighet: 6 dagar.<\/p>\n<p><strong>P\u00c5SKEN<\/strong><br \/>3\/4 l\u00e5ngfredagen (fredag)<br \/>5\/4 p\u00e5skdagen (s\u00f6ndag)<br \/>6\/4 annandag p\u00e5sk (m\u00e5ndag)<\/p>\n<p><strong>1 MAJ<br \/><\/strong>1\/5 f\u00f6rsta maj (fredag)<\/p>\n<p><strong>KRISTI HIMMELSF\u00c4RD<br \/><\/strong>14\/5 Kristi himmelsf\u00e4rds dag (torsdag)<br \/>15\/5 \u2013 ta ledigt<\/p>\n<p>Dagar att ta ledigt: 1<br \/>Sammanh\u00e4ngande ledighet: 4 dagar.<\/p>\n<p><img loading=\"lazy\"   alt=\"\"\/><\/p>\n<p>Midsommarafton \u00e4r egentligen ingen r\u00f6d dag, men de flesta \u00e4r lediga.<\/p>\n<p>Foto: ULF PALM \/ TT NYHETSBYR\u00c5N<\/p>\n<p>\u00d6ppna bild i helsk\u00e4rm<\/p>\n<p><strong>R\u00d6DA DAGAR INNAN JUL<br \/><\/strong>24\/5 pingstdagen (s\u00f6ndag)<br \/>6\/6 Sveriges nationaldag (l\u00f6rdag)<br \/>20\/6 midsommardagen (l\u00f6rdag)<br \/>31\/10 alla helgons dag (l\u00f6rdag)<\/p>\n<p><strong>JUL OCH NY\u00c5R<br \/><\/strong>24\/12 julafton, egentligen inte en r\u00f6d dag men oftast ledig (torsdag)<br \/>25\/12 juldagen (fredag)<br \/>26\/12 annandag jul (l\u00f6rdag)<\/p>\n<p>28\/12-30\/12 \u2013\u00a0ta ledigt<\/p>\n<p>31\/12 ny\u00e5rsafton, inte r\u00f6d dag men oftast ledig (torsdag)<br \/>1\/1 2027 ny\u00e5rsdagen (fredag)<\/p>\n<p>4\/1-5\/1 2027 \u2013 ta ledigt<\/p>\n<p>6\/1 2027 trettondagen (onsdag)<\/p>\n<p>Dagar att ta ledigt: 5<br \/>Sammanh\u00e4ngande ledighet: 13 dagar.<\/p>\n","protected":false},"excerpt":{"rendered":"Publicerad 31 dec 2025 kl 11.10 Nationaldagen och pingst intr\u00e4ffar p\u00e5 en l\u00f6rdag och en s\u00f6ndag. Men det&hellip;\n","protected":false},"author":2,"featured_media":122129,"comment_status":"","ping_status":"","sticky":false,"template":"","format":"standard","meta":{"footnotes":""},"categories":[65],"tags":[72,70,71,34,154,31,33,32,30,5969,2830,12781],"class_list":{"0":"post-122128","1":"post","2":"type-post","3":"status-publish","4":"format-standard","5":"has-post-thumbnail","7":"category-ekonomi","8":"tag-business","9":"tag-economy","10":"tag-ekonomi","11":"tag-se","12":"tag-sections-sverige","13":"tag-svenska","14":"tag-sverige","15":"tag-sweden","16":"tag-swedish","17":"tag-topic-hogtider","18":"tag-topic-jul","19":"tag-topic-nyarsafton"},"share_on_mastodon":{"url":"https:\/\/pubeurope.com\/@se\/115816680853481691","error":""},"_links":{"self":[{"href":"https:\/\/www.europesays.com\/se\/wp-json\/wp\/v2\/posts\/122128","targetHints":{"allow":["GET"]}}],"collection":[{"href":"https:\/\/www.europesays.com\/se\/wp-json\/wp\/v2\/posts"}],"about":[{"href":"https:\/\/www.europesays.com\/se\/wp-json\/wp\/v2\/types\/post"}],"author":[{"embeddable":true,"href":"https:\/\/www.europesays.com\/se\/wp-json\/wp\/v2\/users\/2"}],"replies":[{"embeddable":true,"href":"https:\/\/www.europesays.com\/se\/wp-json\/wp\/v2\/comments?post=122128"}],"version-history":[{"count":0,"href":"https:\/\/www.europesays.com\/se\/wp-json\/wp\/v2\/posts\/122128\/revisions"}],"wp:featuredmedia":[{"embeddable":true,"href":"https:\/\/www.europesays.com\/se\/wp-json\/wp\/v2\/media\/122129"}],"wp:attachment":[{"href":"https:\/\/www.europesays.com\/se\/wp-json\/wp\/v2\/media?parent=122128"}],"wp:term":[{"taxonomy":"category","embeddable":true,"href":"https:\/\/www.europesays.com\/se\/wp-json\/wp\/v2\/categories?post=122128"},{"taxonomy":"post_tag","embeddable":true,"href":"https:\/\/www.europesays.com\/se\/wp-json\/wp\/v2\/tags?post=122128"}],"curies":[{"name":"wp","href":"https:\/\/api.w.org\/{rel}","templated":true}]}}