{"id":122130,"date":"2025-12-31T23:06:07","date_gmt":"2025-12-31T23:06:07","guid":{"rendered":"https:\/\/www.europesays.com\/se\/122130\/"},"modified":"2025-12-31T23:06:07","modified_gmt":"2025-12-31T23:06:07","slug":"160-miljarder-tros-ha-stulits-fran-valfarden","status":"publish","type":"post","link":"https:\/\/www.europesays.com\/se\/122130\/","title":{"rendered":"160 miljarder tros ha stulits fr\u00e5n v\u00e4lf\u00e4rden"},"content":{"rendered":"<p>Publicerad 31 dec 2025 kl 20.04<\/p>\n<p>Miljarder skulle m\u00e4tta amerikanska barn men gick till \u00e4garnas lyxliv.<\/p>\n<p>Bedr\u00e4gerih\u00e4rvan i Minnesota har fortsatt att v\u00e4xa \u2013 och nu stoppar USA:s regering utbetalningar till delstaten.<\/p>\n<p>De flesta utpekade \u00e4r en del av delstatens somaliska diaspora \u2013 och kritiker menar att det lett till att varningsklockor ignorerats.<\/p>\n<p><img   alt=\"\"\/><\/p>\n<p>\u00c5klagaren Joe Thompson.<\/p>\n<p>Foto: AA \/ STELLA PICTURES<\/p>\n<p>\u00d6ppna bild i helsk\u00e4rm<img loading=\"lazy\"   alt=\"\"\/><\/p>\n<p>Donald Trumps regering har nu stoppat utbetalningarna.<\/p>\n<p>Foto: ALEX BRANDON \/ AP TT NYHETSBYR\u00c5N<\/p>\n<p>\u00d6ppna bild i helsk\u00e4rmArtikeln i korthet<\/p>\n<p> De senaste \u00e5ren har flera bedr\u00e4gerih\u00e4rvor uppm\u00e4rksammats i den amerikanska delstaten Minnesota.\u00a0<\/p>\n<p> Nu stoppar det amerikanska h\u00e4lso- och socialdepartementet utbetalningar till barnomsorg i delstaten.<\/p>\n<p> En video p\u00e5 sociala medier har den senaste veckan f\u00e5tt stor uppm\u00e4rksamhet, d\u00e4r verksamheter f\u00f6r barn p\u00e5st\u00e5s vara hela tomma samtidigt som \u00e4garna plockar ut miljonst\u00f6d.<\/p>\n<p>Visa mer<\/p>\n<p>Den Minnesota-baserade v\u00e4lg\u00f6renhetsorganisationen \u201dFeeding our Future\u201d p\u00e5stod att de m\u00e4ttade hungriga och fick stora belopp i statliga bidrag.<\/p>\n<p>Men pengarna gick ner i \u00e4garnas fickor och finansierade bland annat lyxbilar och hus.<\/p>\n<p>Flera ansvariga har d\u00f6mts till l\u00e5nga f\u00e4ngelsestraff f\u00f6r de n\u00e4ra tre miljarder kronor som f\u00f6rskingrades.<\/p>\n<p>Under utredningen v\u00e4xte h\u00e4rvan och en rad andra v\u00e4lf\u00e4rdssektorer har pekats ut. Bland annat tror man att pengar som skulle g\u00e5 till heml\u00f6sa och barn med autism stulits.<\/p>\n<p>\u201dEn enorm del av problemet\u201d<\/p>\n<p>Enligt federala \u00e5klagare kan s\u00e5 mycket som 160 miljarder kronor stulits sedan 2018, h\u00e4lften av vad delstaten totalt betalat ut i olika v\u00e4lf\u00e4rdsst\u00f6d, enligt en prelimin\u00e4r bed\u00f6mning.<\/p>\n<p>\u2013 Det vi ser i Minnesota \u00e4r inte en handfull kriminella akt\u00f6rer, det \u00e4r hisnande bedr\u00e4gerier p\u00e5 industriell niv\u00e5, har den federala \u00e5klagaren Joe Thompson tidigare sagt.<\/p>\n<p>En gemensam n\u00e4mnare f\u00f6r en stor del av v\u00e4lf\u00e4rdsbolagen \u00e4r att m\u00e5nga av dem drivits av personer med somaliskt ursprung. Bland de \u00e5talade i de tre st\u00f6rsta h\u00e4rvorna har 78 av 86 somalisk bakgrund, skriver <a href=\"https:\/\/www.nytimes.com\/2025\/11\/29\/us\/fraud-minnesota-somali.html\" rel=\"nofollow noopener\" target=\"_blank\">NYT<\/a>.<\/p>\n<p>Kritiker, bland andra \u00e5klagaren Joe Thompson, menar att en orsak till att bedr\u00e4gerierna har kunnat forts\u00e4tta \u00e4r r\u00e4dslan f\u00f6r att bli anklagad f\u00f6r rasism.<\/p>\n<p>\u2013 Det var en enorm del av problemet. Anklagelser om rasism kan f\u00f6rst\u00f6ra ens anseende eller hela ens karri\u00e4r, sa Thompson till New York Times i somras.<\/p>\n<p>Delstaten leds av den demokratiska guvern\u00f6ren Tim Walz, som f\u00f6rra \u00e5ret var Kamala Harris vicepresidentkandidat.<\/p>\n<p>Trumps ilska: \u201dVill inte ha dem\u201d<\/p>\n<p>Kayseh Magan, \u00e4ven han med ursprung fr\u00e5n Somalia, har tidigare arbetat som bedr\u00e4geriutredare vid Minnesotas justitiedepartement. Han tror att den somaliska gruppens st\u00e4llning kan ha spelat in.<\/p>\n<p>\u2013 Det finns en uppfattning om att ett kraftfullt angrepp i den h\u00e4r fr\u00e5gan kan leda till politiska motreaktioner bland den somaliska gruppen, som \u00e4r en k\u00e4rnv\u00e4ljargrupp f\u00f6r Demokraterna, s\u00e4ger han till <a href=\"https:\/\/www.nytimes.com\/2025\/11\/29\/us\/fraud-minnesota-somali.html\" rel=\"nofollow noopener\" target=\"_blank\">NYT<\/a>.<\/p>\n<p>Presidenten Donald Trump har g\u00e5tt h\u00e5rt mot somalier i USA den senaste m\u00e5naden och har bland annat sagt att han \u201dinte <a href=\"https:\/\/www.expressen.se\/tv\/nyheter\/varlden\/trumps-grova-attack-borde-sticka-harifran\/\" rel=\"nofollow noopener\" target=\"_blank\">\u201dvill ha dem\u201d<\/a> i landet.<\/p>\n<p>New York Times skriver att avsl\u00f6jandena r\u00f6rt upp m\u00e5nga k\u00e4nslor bland de drygt 80 000 i den somaliska diasporan i delstaten. M\u00e5nga k\u00e4nner att de blir or\u00e4ttvist utpekade f\u00f6r vad en liten grupp gjort.<\/p>\n<p>Annons<\/p>\n<p>\u2013 Den breda somaliska gemenskapen som \u00e4r h\u00e5rt arbetande, familjeorienterade och djupt engagerade i Minnesota, f\u00e5r nu b\u00e4ra den h\u00e4r b\u00f6rdan, s\u00e4ger den <a href=\"https:\/\/www.expressen.se\/tagg\/location\/minneapolis\/\" class=\"\" rel=\"nofollow noopener\" target=\"_blank\">Minneapolis<\/a>-baserade filmskaparen Abdi Mohamed till tidningen.<\/p>\n<p>Video har f\u00e5tt stor uppm\u00e4rksamhet<\/p>\n<p>Under veckan har bedr\u00e4gerierna f\u00e5tt stor nationell uppm\u00e4rksamhet sedan youtubern Nick Shirley publicerat en video om \u00e4mnet.<\/p>\n<p>I den menar han att han hittat flera barnomsorgsverksamheter som \u00e4r helt tomma p\u00e5 barn \u2013 samtidigt som de plockar ut miljonst\u00f6d.<\/p>\n<p>Lokala myndigheter har svarat att de tar anklagelserna i videon p\u00e5 stort allvar \u2013 men s\u00e4ger ocks\u00e5 att de verksamheter som pekas ut i videon har bes\u00f6kts oannonserat av inspekt\u00f6rer det senaste halv\u00e5ret.<\/p>\n<p>Videon har f\u00e5tt stor spridning och lett till en rad politiska reaktioner. P\u00e5 tisdagskv\u00e4llen meddelade det amerikanska h\u00e4lso- och socialdepartementet att man fryser alla federala utbetalningar till barnomsorgen i delstaten.<\/p>\n<p>Enligt den bitr\u00e4dande chefen Jim O&#8217;Neill sker det efter \u201duppenbara bedr\u00e4gerier som verkar vara utbredda i Minnesota och \u00f6ver hela landet\u201d.<\/p>\n<p>Parallellt har Homeland Security skickat agenter till delstaten f\u00f6r att kontrollera verksamheter och uppeh\u00e5llsstatus, enligt ministern f\u00f6r inrikes s\u00e4kerhet, Kristi Noem.<\/p>\n<p>\u00c4ven FBI har \u00f6kat n\u00e4rvaron i delstaten. Chefen Kash Patel sa dock tidigare i veckan att utredningar av v\u00e4lf\u00e4rdsbedr\u00e4gerier i Minnesota har \u201dp\u00e5g\u00e5tt sedan pandemin\u201d.<\/p>\n<p>Guvern\u00f6ren Tim Walz sj\u00e4lv s\u00e4ger, via en talesperson, att man i flera \u00e5r jobbat med att \u201dsl\u00e5 ner p\u00e5 bedr\u00e4gerierna\u201d, bland annat genom at ta in oberoende utredare.<\/p>\n","protected":false},"excerpt":{"rendered":"Publicerad 31 dec 2025 kl 20.04 Miljarder skulle m\u00e4tta amerikanska barn men gick till \u00e4garnas lyxliv. Bedr\u00e4gerih\u00e4rvan i&hellip;\n","protected":false},"author":2,"featured_media":122131,"comment_status":"","ping_status":"","sticky":false,"template":"","format":"standard","meta":{"footnotes":""},"categories":[5],"tags":[22,23,26,27,17,21,24,25,2026,28,29,15,16,3307,198,3306,11447,12905,18,34,55,31,33,32,30,19,204,1307,20],"class_list":{"0":"post-122130","1":"post","2":"type-post","3":"status-publish","4":"format-standard","5":"has-post-thumbnail","7":"category-rubriker","8":"tag-breaking-news","9":"tag-breakingnews","10":"tag-featured-news","11":"tag-featurednews","12":"tag-headlines","13":"tag-huvudnyheter","14":"tag-latest-news","15":"tag-latestnews","16":"tag-location-minneapolis","17":"tag-main-news","18":"tag-mainnews","19":"tag-news","20":"tag-nyheter","21":"tag-organization-fbi","22":"tag-person-donald-trump","23":"tag-person-kash-patel","24":"tag-person-kristi-noem","25":"tag-person-tim-walz","26":"tag-rubriker","27":"tag-se","28":"tag-sections-varlden","29":"tag-svenska","30":"tag-sverige","31":"tag-sweden","32":"tag-swedish","33":"tag-top-stories","34":"tag-topic-amerikansk-politik","35":"tag-topic-bedrageri","36":"tag-topstories"},"share_on_mastodon":{"url":"https:\/\/pubeurope.com\/@se\/115816692607290600","error":""},"_links":{"self":[{"href":"https:\/\/www.europesays.com\/se\/wp-json\/wp\/v2\/posts\/122130","targetHints":{"allow":["GET"]}}],"collection":[{"href":"https:\/\/www.europesays.com\/se\/wp-json\/wp\/v2\/posts"}],"about":[{"href":"https:\/\/www.europesays.com\/se\/wp-json\/wp\/v2\/types\/post"}],"author":[{"embeddable":true,"href":"https:\/\/www.europesays.com\/se\/wp-json\/wp\/v2\/users\/2"}],"replies":[{"embeddable":true,"href":"https:\/\/www.europesays.com\/se\/wp-json\/wp\/v2\/comments?post=122130"}],"version-history":[{"count":0,"href":"https:\/\/www.europesays.com\/se\/wp-json\/wp\/v2\/posts\/122130\/revisions"}],"wp:featuredmedia":[{"embeddable":true,"href":"https:\/\/www.europesays.com\/se\/wp-json\/wp\/v2\/media\/122131"}],"wp:attachment":[{"href":"https:\/\/www.europesays.com\/se\/wp-json\/wp\/v2\/media?parent=122130"}],"wp:term":[{"taxonomy":"category","embeddable":true,"href":"https:\/\/www.europesays.com\/se\/wp-json\/wp\/v2\/categories?post=122130"},{"taxonomy":"post_tag","embeddable":true,"href":"https:\/\/www.europesays.com\/se\/wp-json\/wp\/v2\/tags?post=122130"}],"curies":[{"name":"wp","href":"https:\/\/api.w.org\/{rel}","templated":true}]}}