{"id":122132,"date":"2025-12-31T23:08:18","date_gmt":"2025-12-31T23:08:18","guid":{"rendered":"https:\/\/www.europesays.com\/se\/122132\/"},"modified":"2025-12-31T23:08:18","modified_gmt":"2025-12-31T23:08:18","slug":"sjostrom-nobbar-stockholm-for-tidigt","status":"publish","type":"post","link":"https:\/\/www.europesays.com\/se\/122132\/","title":{"rendered":"Sj\u00f6str\u00f6m nobbar Stockholm: \u201dF\u00f6r tidigt\u201d"},"content":{"rendered":"<p class=\"boxtextgrotesk-root_baa6 hyperion-css-1w346fg\">Publicerad 2025-12-31 06.00<\/p>\n<p>share-arrowDela<\/p>\n<p>unsaveSpara<\/p>\n<p>chevron-leftf\u00f6reg\u00e5endechevron-rightn\u00e4staSarah Sj\u00f6str\u00f6m skrattar ikapp med sonen Adrian, 4 m\u00e5nader.<\/p>\n<p>1 \/ 3Foto: Fredrik Sandberg\/TT<\/p>\n<p class=\"hyperion-css-1shl3oz\" data-test-tag=\"lead-text\">V\u00e4gen tillbaka har b\u00f6rjat. Efter barnaf\u00f6dande och mysiga stunder med sonen Adrian \u00e4r Sarah Sj\u00f6str\u00f6m redo att steppa upp simkarri\u00e4ren igen.<\/p>\n<p class=\"hyperion-css-1shl3oz\" data-test-tag=\"lead-text\">Men hemmapubliken f\u00e5r sannolikt inte se henne i Swim Open i Stockholm.<\/p>\n<p class=\"hyperion-css-1shl3oz\" data-test-tag=\"lead-text\">\u2013 Det kommer att vara f\u00f6r tidigt, s\u00e4ger hon om t\u00e4vlingen i april.<\/p>\n<p class=\"hyperion-css-1v9qo5x\">Skynda l\u00e5ngsamt. Det blir den trefaldiga OS-m\u00e4starinnans motto n\u00e4r hon nu ska tillbaka i full tr\u00e4ning.<\/p>\n<p class=\"hyperion-css-1v9qo5x\">Det st\u00e5r klart n\u00e4r TT tr\u00e4ffar Sarah Sj\u00f6str\u00f6m hemma i j\u00e4ttevillan, 212 kvadratmeter, p\u00e5 Liding\u00f6 utanf\u00f6r Stockholm d\u00e4r hon och hennes man bott sedan 2022.<\/p>\n<p class=\"hyperion-css-1v9qo5x\">Sj\u00f6str\u00f6m siktar p\u00e5 att simma EM i augusti och vill g\u00f6ra comeback s\u00e5 sent inp\u00e5 m\u00e4sterskapet som m\u00f6jligt, helst i juni. Det l\u00e5ngsiktiga m\u00e5let \u00e4r OS i Los Angeles 2028.<\/p>\n<p class=\"hyperion-css-1v9qo5x\">Under intervjun i ett h\u00f6rn av k\u00f6ket \u00e4r maken Johan de Jong Skierus sysselsatt med en glatt jollrande Adrian, 4 m\u00e5nader, ett trappsteg ned i den sammanfl\u00e4tade vardagsrumsdelen.<\/p>\n<p class=\"hyperion-css-1v9qo5x\">Sarah Sj\u00f6str\u00f6m f\u00f6dde sin son under dramatiska former i ambulansen utanf\u00f6r S\u00f6dersjukhuset i slutet av augusti.<\/p>\n<p>Adrian styr tiden<\/p>\n<p class=\"hyperion-css-1v9qo5x\">Adrian \u00e4r familjens fokus nummer ett. Samtidigt kommer pappa Johan att vara f\u00f6r\u00e4ldraledig n\u00e4r Sarah Sj\u00f6str\u00f6m b\u00f6rjar det h\u00e5rda jobbet med att komma tillbaka.<\/p>\n<p class=\"hyperion-css-1v9qo5x\">Det g\u00f6r hon under en fem veckor l\u00e5ng resa till Sydafrika, kombinerad semester och tr\u00e4ning, och sedan p\u00e5 ett landslagsl\u00e4ger p\u00e5 Teneriffa i februari. Familjen \u00e4r med p\u00e5 b\u00e5da resorna.<\/p>\n<p class=\"hyperion-css-1v9qo5x\">\u2013 Utmaningen just nu \u00e4r att hitta en livsstil och tr\u00e4ning som funkar med familj. Just nu \u00e4r det som enklast d\u00e5 Johan \u00e4r pappaledig till mars 2027, men sedan ska Adrian b\u00f6rja p\u00e5 f\u00f6rskolan, d\u00e5 \u00e4r det en ny typ av vardag som vi ska hitta igen.<\/p>\n<p class=\"hyperion-css-1v9qo5x\">Sarah Sj\u00f6str\u00f6m har under st\u00f6rre delen av graviditeten och efter den h\u00e5llit i g\u00e5ng med tr\u00e4ning, men p\u00e5 en niv\u00e5 som hon sj\u00e4lv j\u00e4mst\u00e4ller med en motion\u00e4rs.<\/p>\n<p class=\"hyperion-css-1v9qo5x\">P\u00e5 fr\u00e5gan var Sj\u00f6str\u00f6m nu \u00e4r fysiskt, svarar hon:<\/p>\n<p class=\"hyperion-css-1v9qo5x\">\u2013 Jag har faktiskt ingen aning. Det jag och \u201dToni\u201d (tr\u00e4naren Antonio Lutula) har sagt \u00e4r att i januari 2027 ska jag vara i min vanliga form, men fram till dess k\u00e4nner jag ingen stress.<\/p>\n<p class=\"hyperion-css-1v9qo5x\">Sarah Sj\u00f6str\u00f6m har inte t\u00e4vlat sedan i augusti 2024 i Stockholm, dagarna efter OS-guldsucc\u00e9n i Paris.<\/p>\n<p class=\"hyperion-css-1v9qo5x\">\u2013 Just nu har jag bara k\u00f6rt superlugnt och f\u00f6rs\u00f6kt bygga upp min styrka, men det \u00e4r fortfarande skitl\u00e5ngt fr\u00e5n min b\u00e4sta niv\u00e5, s\u00e4ger hon.<\/p>\n<p>Brasklappen inf\u00f6r EM<\/p>\n<p class=\"hyperion-css-1v9qo5x\">Sarah Sj\u00f6str\u00f6m cirklade tidigt in EM i Paris \u2013 staden d\u00e4r hon tog dubbla OS-guld 2024 \u2013 som ett m\u00e4sterskap hon vill simma.<\/p>\n<p class=\"hyperion-css-1v9qo5x\">Siktet \u00e4r fortfarande inst\u00e4llt dit i augusti \u2013 men med en brasklapp:<\/p>\n<p class=\"hyperion-css-1v9qo5x\">\u2013 Jag kommer inte att \u00e5ka dit och f\u00f6rs\u00f6ka t\u00e4vla om att ta mig till semifinal. Jag vill ju vara d\u00e4r och f\u00f6rs\u00f6ka prestera. Jag kommer att \u00e5ka dit om jag k\u00e4nner att det k\u00e4nns kul och positivt och att kroppen funkar, s\u00e4ger hon.<\/p>\n<p class=\"hyperion-css-1v9qo5x\">Eftersom hon inte har n\u00e5gra tider att g\u00e5 p\u00e5 fr\u00e5n i fjol \u00e4r hon inte ens inkvalad till EM \u00e4nnu. N\u00e5got som, utan bakslag i comebacken, inte heller ska vara n\u00e5gra problem. Men&#8230;<\/p>\n<p class=\"hyperion-css-1v9qo5x\">\u2013 Jag har aldrig kollat kvalregler i hela mitt liv (skratt). Jag har fortfarande inte pratat med Martina (f\u00f6rbundskapten Aronsson) eller \u201dToni\u201d n\u00e4r det g\u00e4ller det.<\/p>\n<p class=\"hyperion-css-1v9qo5x\">Adrian leker vidare med pappa och n\u00e4r intervjun \u00e4r \u00f6ver och mamma n\u00e4rmar sig skiner sonen upp. Det g\u00f6r mamma v\u00e4rldsstj\u00e4rna ocks\u00e5.<\/p>\n<p class=\"hyperion-css-1v9qo5x\">\u2013 Det \u00e4r j\u00e4ttemysiga dagar och det k\u00e4nns s\u00e5 lyxigt att Johan tar alla pappadagar s\u00e5 att vi har mycket tid tillsammans.<\/p>\n<p class=\"hyperion-css-1v9qo5x\">Hur \u00e4r f\u00f6r\u00e4ldralivet?<\/p>\n<p class=\"hyperion-css-1v9qo5x\">\u2013 Det k\u00e4ndes naturligt s\u00e5 snabbt att han \u00e4r en del av v\u00e5r familj och v\u00e5rt liv. Det \u00e4r n\u00e4stan s\u00e5 att man gl\u00f6mt bort hur livet var innan&#8230; p\u00e5 ett h\u00e4rligt s\u00e4tt s\u00e5 klart.<\/p>\n<p>FAKTASarah Sj\u00f6str\u00f6m<\/p>\n<p class=\"hyperion-css-jonaf8\">F\u00f6dd: 17 augusti 1993 (32 \u00e5r).<\/p>\n<p class=\"hyperion-css-jonaf8\">Familj: Gift med Johan de Jong Skierus, 36, sonen Adrian, 4 m\u00e5nader.<\/p>\n<p class=\"hyperion-css-jonaf8\">Fr\u00e4msta meriter: 3 OS-guld, 20 VM-guld (varav 14 i l\u00e5ngbana), 29 EM-guld (varav 17 i l\u00e5ngbana).<\/p>\n<p>L\u00e4s mer<\/p>\n","protected":false},"excerpt":{"rendered":"Publicerad 2025-12-31 06.00 share-arrowDela unsaveSpara chevron-leftf\u00f6reg\u00e5endechevron-rightn\u00e4staSarah Sj\u00f6str\u00f6m skrattar ikapp med sonen Adrian, 4 m\u00e5nader. 1 \/ 3Foto: Fredrik&hellip;\n","protected":false},"author":2,"featured_media":122133,"comment_status":"","ping_status":"","sticky":false,"template":"","format":"standard","meta":{"footnotes":""},"categories":[68],"tags":[34,111,110,31,33,32,30],"class_list":{"0":"post-122132","1":"post","2":"type-post","3":"status-publish","4":"format-standard","5":"has-post-thumbnail","7":"category-sport","8":"tag-se","9":"tag-sport","10":"tag-sports","11":"tag-svenska","12":"tag-sverige","13":"tag-sweden","14":"tag-swedish"},"share_on_mastodon":{"url":"https:\/\/pubeurope.com\/@se\/115816700491548233","error":""},"_links":{"self":[{"href":"https:\/\/www.europesays.com\/se\/wp-json\/wp\/v2\/posts\/122132","targetHints":{"allow":["GET"]}}],"collection":[{"href":"https:\/\/www.europesays.com\/se\/wp-json\/wp\/v2\/posts"}],"about":[{"href":"https:\/\/www.europesays.com\/se\/wp-json\/wp\/v2\/types\/post"}],"author":[{"embeddable":true,"href":"https:\/\/www.europesays.com\/se\/wp-json\/wp\/v2\/users\/2"}],"replies":[{"embeddable":true,"href":"https:\/\/www.europesays.com\/se\/wp-json\/wp\/v2\/comments?post=122132"}],"version-history":[{"count":0,"href":"https:\/\/www.europesays.com\/se\/wp-json\/wp\/v2\/posts\/122132\/revisions"}],"wp:featuredmedia":[{"embeddable":true,"href":"https:\/\/www.europesays.com\/se\/wp-json\/wp\/v2\/media\/122133"}],"wp:attachment":[{"href":"https:\/\/www.europesays.com\/se\/wp-json\/wp\/v2\/media?parent=122132"}],"wp:term":[{"taxonomy":"category","embeddable":true,"href":"https:\/\/www.europesays.com\/se\/wp-json\/wp\/v2\/categories?post=122132"},{"taxonomy":"post_tag","embeddable":true,"href":"https:\/\/www.europesays.com\/se\/wp-json\/wp\/v2\/tags?post=122132"}],"curies":[{"name":"wp","href":"https:\/\/api.w.org\/{rel}","templated":true}]}}