{"id":122137,"date":"2025-12-31T23:14:07","date_gmt":"2025-12-31T23:14:07","guid":{"rendered":"https:\/\/www.europesays.com\/se\/122137\/"},"modified":"2025-12-31T23:14:07","modified_gmt":"2025-12-31T23:14:07","slug":"donald-trump-kritiserar-guvernor-och-aklagare-i-peters-fallet","status":"publish","type":"post","link":"https:\/\/www.europesays.com\/se\/122137\/","title":{"rendered":"Donald Trump kritiserar guvern\u00f6r och \u00e5klagare i Peters-fallet"},"content":{"rendered":"<p>Publicerad 31 dec 2025 kl 20.04Uppdaterad kl 22.34<\/p>\n<p>Donald Trump g\u00e5r till attack mot en av sina egna.<\/p>\n<p>I ett inl\u00e4gg p\u00e5 Truth Social \u00f6nskar han den republikanska distrikts\u00e5klagaren Dan Rubenstein det allra v\u00e4rsta.<\/p>\n<p>\u2013 L\u00e5t dem ruttna i helvetet, skriver <a href=\"https:\/\/truthsocial.com\/@realDonaldTrump\/posts\/115814617728790414\" rel=\"nofollow noopener\" target=\"_blank\">han<\/a>.<\/p>\n<p><img   alt=\"\"\/><\/p>\n<p>Trump har g\u00e5tt till attack mot en republikansk distrikts\u00e5klagare p\u00e5 Truth Social.<\/p>\n<p>Foto: PRESIDENT OF UKRAINE \/ STELLA PICTURES<\/p>\n<p>\u00d6ppna bild i helsk\u00e4rm<img loading=\"lazy\"   alt=\"\"\/><\/p>\n<p>Tina Peters \u00e4r en republikansk politiker som \u00e4r d\u00f6md f\u00f6r att ha gett en man tillg\u00e5ng till valssystemet i samband med valet 2020.<\/p>\n<p>Foto: DAVID ZALUBOWSKI \/ AP TT NYHETSBYR\u00c5N<\/p>\n<p>\u00d6ppna bild i helsk\u00e4rm<\/p>\n<p>Den 70-\u00e5riga republikanska politikern Tina Peters \u00e4r d\u00f6md efter ett s\u00e4kerhetsintr\u00e5ng i samband med valet 2020 d\u00e4r Biden vann, enligt <a href=\"https:\/\/apnews.com\/article\/trump-pardon-tina-peters-colorado-appeal-28b86c413ae9d112931aaf3fb5a1abd3\" rel=\"nofollow noopener\" target=\"_blank\">AP.<\/a><\/p>\n<p>Peters gav en man, med kopplingar till den konspiratoriska r\u00f6relsen som menade att r\u00f6stmaskinerna var riggade mot Trump, tillg\u00e5ng till valsystemet och undanh\u00f6ll \u00e4ven personens identitet f\u00f6r myndigheterna, enligt <a href=\"https:\/\/apnews.com\/article\/trump-pardon-tina-peters-colorado-43abc451b87ade3bd63b4b246f31edd4\" rel=\"nofollow noopener\" target=\"_blank\">AP<\/a>.<\/p>\n<p>Artikeln i korthet<\/p>\n<p> Donald Trump g\u00e5r till h\u00e5rd attack mot b\u00e5de en demokratisk guvern\u00f6r och en republikansk \u00e5klagare.<\/p>\n<p> Han \u00f6nskar att de \u201druttnar i helvetet\u201d efter att hans ben\u00e5dning av Tina Peters inte lett till hennes frigivning.<\/p>\n<p> Tina Peters \u00e4r d\u00f6md f\u00f6r s\u00e4kerhetsintr\u00e5ng i samband med valet 2020.<\/p>\n<p>Visa mer<\/p>\n<p>Tidigare i december ben\u00e5dade Trump henne f\u00f6r brottet som hon sitter f\u00e4ngslad f\u00f6r. Men hon har efter det inte sl\u00e4ppts fr\u00e5n f\u00e4ngelset. Detta p\u00e5 grund av att hon har d\u00f6mts f\u00f6r brottet p\u00e5 en statlig niv\u00e5 \u2013 d\u00e4r Trumps makt inte g\u00e4ller.<\/p>\n<p>Nu har Trump g\u00e5tt till attack b\u00e5de mot den demokratiske guvern\u00f6ren Jared Polis och den republikanske distrikts\u00e5klagaren Dan Rubenstein.<\/p>\n<p>\u201dL\u00e5t dem i ruttna i helvetet\u201d<\/p>\n<p>I ett inl\u00e4gg p\u00e5 sin sociala medieplattform skriver han att han hoppas dem det allra v\u00e4rsta samtidigt som han beklagar sig \u00f6ver att han inte kan \u00f6nska Tina Peters gott nytt \u00e5r.<\/p>\n<p>\u2013 Jag \u00f6nskar dem bara det v\u00e4rsta, L\u00e5t dem ruttna i helvetet, skriver Trump p\u00e5 <a href=\"https:\/\/truthsocial.com\/@realDonaldTrump\/posts\/115814617728790414\" rel=\"nofollow noopener\" target=\"_blank\">Truth Social<\/a>.<\/p>\n<p>Trump har \u00e4ven tidigare skrivit p\u00e5 Truth Social om Peters fall d\u00e4r han menar att hon bara ville se s\u00e5 att valet 2020 gick r\u00e4tt till.<\/p>\n<p>\u201dEn patriot\u201d<\/p>\n<p>\u2013 Demokraterna har varit ih\u00e4rdiga i sina angrepp p\u00e5 TINA PETERS, en patriot som helt enkelt ville se till att v\u00e5ra val var r\u00e4ttvisa och \u00e4rliga, enligt <a href=\"https:\/\/apnews.com\/article\/trump-pardon-tina-peters-colorado-43abc451b87ade3bd63b4b246f31edd4\" rel=\"nofollow noopener\" target=\"_blank\">AP<\/a>.<\/p>\n<p>Tina Peters har \u00e4n s\u00e5 l\u00e4nge suttit tv\u00e5 \u00e5r av de nio \u00e5ren hon blev d\u00f6md till.<\/p>\n<p>Efter Trumps ben\u00e5dning har Peters med sina advokater skickat in en f\u00f6rfr\u00e5gan om att staten ska erk\u00e4nna Trumps ben\u00e5dning som giltig. De vill \u00e4ven att hon sl\u00e4pps fr\u00e5n f\u00e4ngelset.<\/p>\n","protected":false},"excerpt":{"rendered":"Publicerad 31 dec 2025 kl 20.04Uppdaterad kl 22.34 Donald Trump g\u00e5r till attack mot en av sina egna.&hellip;\n","protected":false},"author":2,"featured_media":122138,"comment_status":"","ping_status":"","sticky":false,"template":"","format":"standard","meta":{"footnotes":""},"categories":[5],"tags":[22,23,26,27,17,21,24,25,28,29,15,16,198,18,34,55,31,33,32,30,19,204,20],"class_list":{"0":"post-122137","1":"post","2":"type-post","3":"status-publish","4":"format-standard","5":"has-post-thumbnail","7":"category-rubriker","8":"tag-breaking-news","9":"tag-breakingnews","10":"tag-featured-news","11":"tag-featurednews","12":"tag-headlines","13":"tag-huvudnyheter","14":"tag-latest-news","15":"tag-latestnews","16":"tag-main-news","17":"tag-mainnews","18":"tag-news","19":"tag-nyheter","20":"tag-person-donald-trump","21":"tag-rubriker","22":"tag-se","23":"tag-sections-varlden","24":"tag-svenska","25":"tag-sverige","26":"tag-sweden","27":"tag-swedish","28":"tag-top-stories","29":"tag-topic-amerikansk-politik","30":"tag-topstories"},"share_on_mastodon":{"url":"https:\/\/pubeurope.com\/@se\/115816724146917830","error":""},"_links":{"self":[{"href":"https:\/\/www.europesays.com\/se\/wp-json\/wp\/v2\/posts\/122137","targetHints":{"allow":["GET"]}}],"collection":[{"href":"https:\/\/www.europesays.com\/se\/wp-json\/wp\/v2\/posts"}],"about":[{"href":"https:\/\/www.europesays.com\/se\/wp-json\/wp\/v2\/types\/post"}],"author":[{"embeddable":true,"href":"https:\/\/www.europesays.com\/se\/wp-json\/wp\/v2\/users\/2"}],"replies":[{"embeddable":true,"href":"https:\/\/www.europesays.com\/se\/wp-json\/wp\/v2\/comments?post=122137"}],"version-history":[{"count":0,"href":"https:\/\/www.europesays.com\/se\/wp-json\/wp\/v2\/posts\/122137\/revisions"}],"wp:featuredmedia":[{"embeddable":true,"href":"https:\/\/www.europesays.com\/se\/wp-json\/wp\/v2\/media\/122138"}],"wp:attachment":[{"href":"https:\/\/www.europesays.com\/se\/wp-json\/wp\/v2\/media?parent=122137"}],"wp:term":[{"taxonomy":"category","embeddable":true,"href":"https:\/\/www.europesays.com\/se\/wp-json\/wp\/v2\/categories?post=122137"},{"taxonomy":"post_tag","embeddable":true,"href":"https:\/\/www.europesays.com\/se\/wp-json\/wp\/v2\/tags?post=122137"}],"curies":[{"name":"wp","href":"https:\/\/api.w.org\/{rel}","templated":true}]}}