{"id":122139,"date":"2025-12-31T23:16:20","date_gmt":"2025-12-31T23:16:20","guid":{"rendered":"https:\/\/www.europesays.com\/se\/122139\/"},"modified":"2025-12-31T23:16:20","modified_gmt":"2025-12-31T23:16:20","slug":"varmland-redo-for-distriktslags-sm-arvika-nyheter","status":"publish","type":"post","link":"https:\/\/www.europesays.com\/se\/122139\/","title":{"rendered":"V\u00e4rmland redo f\u00f6r distriktslags-SM &#8211; Arvika Nyheter"},"content":{"rendered":"<ol>\n<li><a href=\"https:\/\/news.google.com\/rss\/articles\/CBMiiAFBVV95cUxPQzd0cE1SRGlrRjBlSWN5X1haX1p6cEk4LXBNUmhXZnJkeW90WEFLMVhJa0tyM29hY0lzbzgyRXZoX25fb2FCemJ6aHBsMWI0WG5wSDdmVHUyWEVOWEJjaXYtVG4wc0QwbnFXeUZHR2dJWm9uRTNSclZNMUJmVHphU0xPc19GSG8y?oc=5\" target=\"_blank\" rel=\"nofollow noopener\">V\u00e4rmland redo f\u00f6r distriktslags-SM<\/a>&nbsp;&nbsp;Arvika Nyheter<\/li>\n<li><a href=\"https:\/\/news.google.com\/rss\/articles\/CBMioAFBVV95cUxNVFNFekR0NkZpc2dDczFuekFnOWdTeWZXaGdTS0JUVmc3Z0VOZ2VXMGEwbEpTNVhJd0ZGblJSMlBaYm9uekl2eXNkeTNsOHBBaUZ2cWs5cU5hZkRJTkhCeFNDMkgzdV9sdVFVdzFyNHRNOWRsWm43VjA4LVV5Y3ptT3YydFgtNEZRUTFmV1kxRkpnem52ZWh1Q0k5TTQxY0dr?oc=5\" target=\"_blank\" rel=\"nofollow noopener\">Kan Dalarna \u00f6verraska igen? \u2013 \u201dHoppas p\u00e5 plats i slutspelet\u201d<\/a>&nbsp;&nbsp;Innebandymagazinet<\/li>\n<li><a href=\"https:\/\/news.google.com\/rss\/articles\/CBMiiwFBVV95cUxNeVo1QUJYYnc4YkZmSUk3UVdaVU5OM3Y3aHdXTHlFYW5wMkNwZ1hpV0M2bDdxQUUwdF9TV2VGTU5iS2ZzTW1EMVVOcVkxMjBPelFUcWxtamNWanU5R2NXS0hxbjNsRURRZVpFck5ScWczcGNic0hpWWJPUHBsWG9jdUd3V2VKMUpuRnlz?oc=5\" target=\"_blank\" rel=\"nofollow noopener\">Tippar Distrikts-SM P16, grupp f\u00f6r grupp<\/a>&nbsp;&nbsp;Innebandymagazinet<\/li>\n<li><a href=\"https:\/\/news.google.com\/rss\/articles\/CBMiiAFBVV95cUxOX0VVVVBxZG9ZNlUtNkpvb1JSQVlIajZ2bERMbUptNklwZzd0LU56TlRGclFDUlo1VUxpZHhnRTVNYjBuVkZhR2pza1pKXzdNdDBnQ1dGNkxWbjlVbTlDdng0ZTVUNlNKT3N4RzY0SlJDem9KYWZMcVphTnRpS3cyQjFBbnRzYUgz?oc=5\" target=\"_blank\" rel=\"nofollow noopener\">Distrikts-SM 3 &#8211; 6 januari i Nyk\u00f6ping<\/a>&nbsp;&nbsp;Svenska IBF<\/li>\n<li><a href=\"https:\/\/news.google.com\/rss\/articles\/CBMie0FVX3lxTE5qVktnUzl6LXJzdWlNQXFIQ0FEaDJ2amV3VWk2MHl6TVBkaGVSRmY3a2owS2xUX3BKcEhhTDBMcEEwM19JN2RCdlRzV05GM1lvXy1sUk5JaW1XWU1GUHUtNkVhOXpBNjNKWDJWMkNYSGEyY3pSa1RzMDFTTQ?oc=5\" target=\"_blank\" rel=\"nofollow noopener\">Sk\u00e5ne F16: &#8221;En gl\u00e4djespridare&#8221;<\/a>&nbsp;&nbsp;Innebandymagazinet<\/li>\n<\/ol>\n","protected":false},"excerpt":{"rendered":"V\u00e4rmland redo f\u00f6r distriktslags-SM&nbsp;&nbsp;Arvika Nyheter Kan Dalarna \u00f6verraska igen? \u2013 \u201dHoppas p\u00e5 plats i slutspelet\u201d&nbsp;&nbsp;Innebandymagazinet Tippar Distrikts-SM P16,&hellip;\n","protected":false},"author":2,"featured_media":122140,"comment_status":"","ping_status":"","sticky":false,"template":"","format":"standard","meta":{"footnotes":""},"categories":[68],"tags":[34,111,110,31,33,32,30],"class_list":{"0":"post-122139","1":"post","2":"type-post","3":"status-publish","4":"format-standard","5":"has-post-thumbnail","7":"category-sport","8":"tag-se","9":"tag-sport","10":"tag-sports","11":"tag-svenska","12":"tag-sverige","13":"tag-sweden","14":"tag-swedish"},"share_on_mastodon":{"url":"https:\/\/pubeurope.com\/@se\/115816732045022867","error":""},"_links":{"self":[{"href":"https:\/\/www.europesays.com\/se\/wp-json\/wp\/v2\/posts\/122139","targetHints":{"allow":["GET"]}}],"collection":[{"href":"https:\/\/www.europesays.com\/se\/wp-json\/wp\/v2\/posts"}],"about":[{"href":"https:\/\/www.europesays.com\/se\/wp-json\/wp\/v2\/types\/post"}],"author":[{"embeddable":true,"href":"https:\/\/www.europesays.com\/se\/wp-json\/wp\/v2\/users\/2"}],"replies":[{"embeddable":true,"href":"https:\/\/www.europesays.com\/se\/wp-json\/wp\/v2\/comments?post=122139"}],"version-history":[{"count":0,"href":"https:\/\/www.europesays.com\/se\/wp-json\/wp\/v2\/posts\/122139\/revisions"}],"wp:featuredmedia":[{"embeddable":true,"href":"https:\/\/www.europesays.com\/se\/wp-json\/wp\/v2\/media\/122140"}],"wp:attachment":[{"href":"https:\/\/www.europesays.com\/se\/wp-json\/wp\/v2\/media?parent=122139"}],"wp:term":[{"taxonomy":"category","embeddable":true,"href":"https:\/\/www.europesays.com\/se\/wp-json\/wp\/v2\/categories?post=122139"},{"taxonomy":"post_tag","embeddable":true,"href":"https:\/\/www.europesays.com\/se\/wp-json\/wp\/v2\/tags?post=122139"}],"curies":[{"name":"wp","href":"https:\/\/api.w.org\/{rel}","templated":true}]}}