{"id":122141,"date":"2025-12-31T23:17:08","date_gmt":"2025-12-31T23:17:08","guid":{"rendered":"https:\/\/www.europesays.com\/se\/122141\/"},"modified":"2025-12-31T23:17:08","modified_gmt":"2025-12-31T23:17:08","slug":"esc-bubblan-juli-dec-2025-esc-panelen","status":"publish","type":"post","link":"https:\/\/www.europesays.com\/se\/122141\/","title":{"rendered":"\u00ab ESC-bubblan juli-dec 2025 &#8211; ESC-Panelen"},"content":{"rendered":"<ol>\n<li><a href=\"https:\/\/news.google.com\/rss\/articles\/CBMifkFVX3lxTFA3MG93cEhTTVZkdmFoUlZTUEdqalBxN2hnUnFBMUFEYzVTdE10OVhZRFBkNC03Z1RZY09vRWdmdnlnUS1MWF9tUWE1WDIxUFZseDJJSGE3LUxhUFAxRzVmNk1rNHVMcjZYakQ2WGZiSlE4aWVtVUtmX1otZl96dw?oc=5\" target=\"_blank\" rel=\"nofollow noopener\">\u00ab ESC-bubblan juli-dec 2025<\/a>&nbsp;&nbsp;ESC-Panelen<\/li>\n<li><a href=\"https:\/\/news.google.com\/rss\/articles\/CBMi0gFBVV95cUxQclpDMHJNR3NFejAybEdXQzZpMUVpZHIyRjR0dUEwZ2wzdkQyMTlMRUp0QmUtaS02Y0JkdXNvYno1SFB6dUlvZzhOay1hLXNUamhHQVhMS1FycVdNd05ISzNQRjktNmJNS1Rwa3pMNUN1TXl0LVFiTGZ1SEhsTGNHSnUwa0Y2ZU5SZURhaTFnS3dwTHd1VTdvRDZfYXZickFHRm82RlJrZjNjQTBCSkduMUVLSGtTU1FDTFN3b2RZTlpHWFUtMjVEeXR0dGlOQzNzYkE?oc=5\" target=\"_blank\" rel=\"nofollow noopener\">Eurovision 2026: H\u00e4r \u00e4r listan p\u00e5 de 35 deltagande l\u00e4nderna<\/a>&nbsp;&nbsp;Sortir \u00e0 Paris<\/li>\n<li><a href=\"https:\/\/news.google.com\/rss\/articles\/CBMilwFBVV95cUxNWnlGaU5FeWJDU1M1a0Ffbng1NXA5dmZLWTNFMW5xRHRsM0doSXM3SXBtcnEzTDlYdWI2bFZpQW9heWhtaXhoNzRpTldpTFBPOHZpYVhxSWhFNTNXczRTZzh5cEVhVmlNQVV4NVlISGdLMXlZTzhPMzNuT3JXWi1uMEo3UVh2dmdLdDdnNUhNMG1qempveWdr?oc=5\" target=\"_blank\" rel=\"nofollow noopener\">H\u00e4r \u00e4r startf\u00e4ltet i Bulgariens Eurovision-uttagning 2026<\/a>&nbsp;&nbsp;ESC-Panelen<\/li>\n<li><a href=\"https:\/\/news.google.com\/rss\/articles\/CBMihgFBVV95cUxQbU1DOXJGR3BSVk8zMTYwQ0dlak1wbVV1bXJyQWU5MFZIRWIybXZtdS1qQThmVWVGaW43cjQ5MXVhdkxiSWpwaWZOc01Od1E0NEVIMm9BNTRSa253NU84QktWR19BRy1ENVFyUndVNW1xRUlkOV9ONUxxY182R0xlQjV3MEVMQQ?oc=5\" target=\"_blank\" rel=\"nofollow noopener\">Schlagermagistern sammanfattar ESC-\u00e5ret 2025<\/a>&nbsp;&nbsp;ESC-Panelen<\/li>\n<li><a href=\"https:\/\/news.google.com\/rss\/articles\/CBMia0FVX3lxTFBSZEFjUXhCbUgyV2tZTnAzdkpobHM5YkVydUtQcUE5TUhDYkpZRl9iZl9GVHZyTDM0QVExa3dCLURBTjJkMDV4V0pvbC1BaDRHdjRFc2pUb19aN21ENHpPaEF2R2cwV0pIN2xZ?oc=5\" target=\"_blank\" rel=\"nofollow noopener\">Adj\u00f6 2025 \u2013 V\u00e4lkommen 2026<\/a>&nbsp;&nbsp;ESC-Panelen<\/li>\n<\/ol>\n","protected":false},"excerpt":{"rendered":"\u00ab ESC-bubblan juli-dec 2025&nbsp;&nbsp;ESC-Panelen Eurovision 2026: H\u00e4r \u00e4r listan p\u00e5 de 35 deltagande l\u00e4nderna&nbsp;&nbsp;Sortir \u00e0 Paris H\u00e4r \u00e4r&hellip;\n","protected":false},"author":2,"featured_media":122142,"comment_status":"","ping_status":"","sticky":false,"template":"","format":"standard","meta":{"footnotes":""},"categories":[67],"tags":[104,34,31,33,32,30,105],"class_list":{"0":"post-122141","1":"post","2":"type-post","3":"status-publish","4":"format-standard","5":"has-post-thumbnail","7":"category-underhallning","8":"tag-entertainment","9":"tag-se","10":"tag-svenska","11":"tag-sverige","12":"tag-sweden","13":"tag-swedish","14":"tag-underhallning"},"share_on_mastodon":{"url":"https:\/\/pubeurope.com\/@se\/115816735929202207","error":""},"_links":{"self":[{"href":"https:\/\/www.europesays.com\/se\/wp-json\/wp\/v2\/posts\/122141","targetHints":{"allow":["GET"]}}],"collection":[{"href":"https:\/\/www.europesays.com\/se\/wp-json\/wp\/v2\/posts"}],"about":[{"href":"https:\/\/www.europesays.com\/se\/wp-json\/wp\/v2\/types\/post"}],"author":[{"embeddable":true,"href":"https:\/\/www.europesays.com\/se\/wp-json\/wp\/v2\/users\/2"}],"replies":[{"embeddable":true,"href":"https:\/\/www.europesays.com\/se\/wp-json\/wp\/v2\/comments?post=122141"}],"version-history":[{"count":0,"href":"https:\/\/www.europesays.com\/se\/wp-json\/wp\/v2\/posts\/122141\/revisions"}],"wp:featuredmedia":[{"embeddable":true,"href":"https:\/\/www.europesays.com\/se\/wp-json\/wp\/v2\/media\/122142"}],"wp:attachment":[{"href":"https:\/\/www.europesays.com\/se\/wp-json\/wp\/v2\/media?parent=122141"}],"wp:term":[{"taxonomy":"category","embeddable":true,"href":"https:\/\/www.europesays.com\/se\/wp-json\/wp\/v2\/categories?post=122141"},{"taxonomy":"post_tag","embeddable":true,"href":"https:\/\/www.europesays.com\/se\/wp-json\/wp\/v2\/tags?post=122141"}],"curies":[{"name":"wp","href":"https:\/\/api.w.org\/{rel}","templated":true}]}}