{"id":122158,"date":"2026-01-01T00:00:06","date_gmt":"2026-01-01T00:00:06","guid":{"rendered":"https:\/\/www.europesays.com\/se\/122158\/"},"modified":"2026-01-01T00:00:06","modified_gmt":"2026-01-01T00:00:06","slug":"mor-och-dotter-mystisktdoda-efter-julmiddagen","status":"publish","type":"post","link":"https:\/\/www.europesays.com\/se\/122158\/","title":{"rendered":"Mor och dotter mystiskt\nd\u00f6da efter julmiddagen"},"content":{"rendered":"<p>Publicerad 1 jan 2026 kl 00.11<\/p>\n<p>Antonella Di Iels och dottern Sara Di Vita insjuknade efter julmiddagen.<\/p>\n<p>De \u00e5kte till akuten men skickades hem.<\/p>\n<p>Sedan dog b\u00e5da inom loppet av n\u00e5gra timmar, skriver italienska <a href=\"https:\/\/tg24.sky.it\/cronaca\/2025\/12\/31\/morte-intossicate-campobasso-ultime-notizie\" rel=\"nofollow noopener\" target=\"_blank\">Sky TG24<\/a>.<\/p>\n<p>Senaste nyhetsklippen fr\u00e5n Expressen.<img   alt=\"\"\/><\/p>\n<p>Antonella Di Ielsi.<\/p>\n<p>Foto: Facebook<\/p>\n<p>\u00d6ppna bild i helsk\u00e4rm<\/p>\n<p>Antonella Di Ielsi, 50, och hennes dotter Sara Di Vita, 15, n\u00e4rvarade vid en julmiddag med sl\u00e4ktingar i <a href=\"https:\/\/www.expressen.se\/tagg\/location\/italien\/\" class=\"\" rel=\"nofollow noopener\" target=\"_blank\">Italien<\/a>. Men b\u00e5de Antonella och Sara b\u00f6rjade m\u00e5 d\u00e5ligt under juldagen och upps\u00f6kte akuten. B\u00e5da skrevs ut med diagnosen matf\u00f6rgiftning och maginfluensa.<\/p>\n<p>Den 27 december \u00e5terv\u00e4nde Sara till sjukhuset i Campobasso eftersom hennes tillst\u00e5nd hade f\u00f6rs\u00e4mrats. Hon lades in p\u00e5 intensiven d\u00e4r hon dog samma kv\u00e4ll. Antonella lades ocks\u00e5 in p\u00e5 sjukhus samma kv\u00e4ll och dog dagen d\u00e4rp\u00e5, enligt italienska Corriere della Sera.<\/p>\n<p>Flickans pappa Gianni Di Vita, som var med p\u00e5 julmiddagen, var ocks\u00e5 inlagd p\u00e5 intensiven men med mindre allvarliga symtom, enligt rapporter. Han har nu flyttats fr\u00e5n intensiven.<\/p>\n<p>\u201dInga omedelbara bevis har framkommit\u201d<\/p>\n<p>Man misst\u00e4nkte initialt matf\u00f6rgiftning, men efter att obduktioner utf\u00f6rts p\u00e5 de tv\u00e5 d\u00f6dsoffren \u00e4r d\u00f6dsorsaken fortfarande inte fastst\u00e4lld.<\/p>\n<p>\u2013 Inga omedelbara bevis har framkommit, s\u00e4ger \u00e5klagaren Nicola D&#8217;Angelo.<\/p>\n<p>Vincenzo Cuzzone, chef f\u00f6r intensivv\u00e5rdsavdelningen p\u00e5 sjukhuset, sade till tidningen L&#8217;Unione Sarda att familjemedlemmarna hade drabbats av \u201dmultiorgansvikt\u201d, men vad det berodde p\u00e5 kunde han inte s\u00e4ga.<\/p>\n<p>Polisen utreder h\u00e4ndelsen och har beslagtagit ett 20-tal livsmedel som ska ha anv\u00e4nts f\u00f6r att framst\u00e4lla m\u00e5ltiderna vid julmiddagen, inklusive musslor, bl\u00e4ckfisk, torsk, musslor och svamp. Sju l\u00e4kare p\u00e5 sjukhuset misst\u00e4nks f\u00f6r bland annat v\u00e5llande till annans d\u00f6d, enligt Corriere della Sera.<\/p>\n","protected":false},"excerpt":{"rendered":"Publicerad 1 jan 2026 kl 00.11 Antonella Di Iels och dottern Sara Di Vita insjuknade efter julmiddagen. De&hellip;\n","protected":false},"author":2,"featured_media":122159,"comment_status":"","ping_status":"","sticky":false,"template":"","format":"standard","meta":{"footnotes":""},"categories":[14],"tags":[22,23,26,27,17,21,24,25,1309,28,29,15,16,18,34,55,31,33,32,30,19,20,51,52,53,54],"class_list":{"0":"post-122158","1":"post","2":"type-post","3":"status-publish","4":"format-standard","5":"has-post-thumbnail","7":"category-varlden","8":"tag-breaking-news","9":"tag-breakingnews","10":"tag-featured-news","11":"tag-featurednews","12":"tag-headlines","13":"tag-huvudnyheter","14":"tag-latest-news","15":"tag-latestnews","16":"tag-location-italien","17":"tag-main-news","18":"tag-mainnews","19":"tag-news","20":"tag-nyheter","21":"tag-rubriker","22":"tag-se","23":"tag-sections-varlden","24":"tag-svenska","25":"tag-sverige","26":"tag-sweden","27":"tag-swedish","28":"tag-top-stories","29":"tag-topstories","30":"tag-varlden","31":"tag-world","32":"tag-world-news","33":"tag-worldnews"},"share_on_mastodon":{"url":"https:\/\/pubeurope.com\/@se\/115816905010430426","error":""},"_links":{"self":[{"href":"https:\/\/www.europesays.com\/se\/wp-json\/wp\/v2\/posts\/122158","targetHints":{"allow":["GET"]}}],"collection":[{"href":"https:\/\/www.europesays.com\/se\/wp-json\/wp\/v2\/posts"}],"about":[{"href":"https:\/\/www.europesays.com\/se\/wp-json\/wp\/v2\/types\/post"}],"author":[{"embeddable":true,"href":"https:\/\/www.europesays.com\/se\/wp-json\/wp\/v2\/users\/2"}],"replies":[{"embeddable":true,"href":"https:\/\/www.europesays.com\/se\/wp-json\/wp\/v2\/comments?post=122158"}],"version-history":[{"count":0,"href":"https:\/\/www.europesays.com\/se\/wp-json\/wp\/v2\/posts\/122158\/revisions"}],"wp:featuredmedia":[{"embeddable":true,"href":"https:\/\/www.europesays.com\/se\/wp-json\/wp\/v2\/media\/122159"}],"wp:attachment":[{"href":"https:\/\/www.europesays.com\/se\/wp-json\/wp\/v2\/media?parent=122158"}],"wp:term":[{"taxonomy":"category","embeddable":true,"href":"https:\/\/www.europesays.com\/se\/wp-json\/wp\/v2\/categories?post=122158"},{"taxonomy":"post_tag","embeddable":true,"href":"https:\/\/www.europesays.com\/se\/wp-json\/wp\/v2\/tags?post=122158"}],"curies":[{"name":"wp","href":"https:\/\/api.w.org\/{rel}","templated":true}]}}