{"id":122160,"date":"2026-01-01T00:05:28","date_gmt":"2026-01-01T00:05:28","guid":{"rendered":"https:\/\/www.europesays.com\/se\/122160\/"},"modified":"2026-01-01T00:05:28","modified_gmt":"2026-01-01T00:05:28","slug":"veteranskadis-fran-the-wire-och-spikes-lees-filmer-ar-dod","status":"publish","type":"post","link":"https:\/\/www.europesays.com\/se\/122160\/","title":{"rendered":"Veteransk\u00e5dis fr\u00e5n &#8221;The Wire&#8221; och Spikes Lees filmer \u00e4r d\u00f6d"},"content":{"rendered":"<p>Det har inte g\u00e5tt mycket mer \u00e4n en vecka sedan vi fick beskedet att sk\u00e5despelaren <a href=\"https:\/\/www.moviezine.se\/nyheter\/the-wire-skadis-ar-dod-blev-bara-46-ar\" rel=\"nofollow noopener\" target=\"_blank\">James Ransone g\u00e5tt bort<\/a>. Nu lider de gamla kollegorna fr\u00e5n \u201dThe Wire\u201d \u00e4nnu en f\u00f6rlust. Det skriver bland annat <a href=\"https:\/\/variety.com\/2025\/tv\/news\/isiah-whitlock-jr-dead-the-wire-veep-1236620750\/\" rel=\"nofollow noopener\" target=\"_blank\">Variety<\/a>.<\/p>\n<p>Isiah Whitlock Jr. spelade den korrupta delstatssenatorn Clay Davis i alla s\u00e4songer av den hyllade polisserien. Sk\u00e5despelaren var k\u00e4nd f\u00f6r sitt s\u00e4tt att s\u00e4ga svordomen \u201dshiiiiit\u201d, n\u00e5got som inf\u00f6rlivades i serien och blev en uppskattad del av karakt\u00e4ren.<\/p>\n<p>Men Isiah Whitlock Jr. var f\u00f6rst\u00e5s mer \u00e4n bara en svordom. Han hade en n\u00e4stan 45 \u00e5r l\u00e5ng karri\u00e4r i ryggen, som inleddes med mindre roller i tv.<\/p>\n<p>Samarbetet med Spike Lee inleddes 2002, med \u201d25th Hour\u201d. Whitlock skulle komma att medverka i totalt sex av regiss\u00f6rens filmer, den senaste var Netflix-rullen \u201dDa 5 Bloods\u201d fr\u00e5n 2020.<\/p>\n<p>Isiah Whitlock Jr. dog efter en kortare tids sjukdom. Han blev 71 \u00e5r.<\/p>\n<p>L\u00e4s ocks\u00e5: <a href=\"https:\/\/www.moviezine.se\/nyheter\/dotterns-kanslosamma-hyllning-9-ar-efter-carrie-fishers-dod-jag-kommer-aldrig-sluta-sakna-dig\" title=\"Dotterns k\u00e4nslosamma hyllning 9 \u00e5r efter Carrie Fishers d\u00f6d: \u201dJag kommer aldrig sluta sakna dig\u201d\" class=\"underline-custom !font-montserrat !font-bold !underline-offset-4 !decoration-4 !decoration-moviezine-green !text-md\" rel=\"nofollow noopener\" target=\"_blank\">Dotterns k\u00e4nslosamma hyllning 9 \u00e5r efter Carrie Fishers d\u00f6d: \u201dJag kommer aldrig sluta sakna dig\u201d<\/a><\/p>\n<p>Ett axplock av Isiah Whitlock Jr:s l\u00e5nga filmografi:<\/p>\n<ul class=\"wp-block-list\">\n<li>Light It Up (1999)<\/li>\n<li>25th Hour (2002)<\/li>\n<li>She Hate Me (2004)<\/li>\n<li>The Good Guy (2009)<\/li>\n<li>Notorious (2009)<\/li>\n<li>The Taking of Pelham 123 (2009)<\/li>\n<li>Cedar Rapids (2011)<\/li>\n<li>Red Hook Summer (2012)<\/li>\n<li>The Gambler (2014)<\/li>\n<li>Chi-Raq (2015)<\/li>\n<li>BlacKkKlansman (2018)<\/li>\n<li>Da 5 Bloods (2020)<\/li>\n<\/ul>\n<p>L\u00e4s ocks\u00e5: <a href=\"https:\/\/www.moviezine.se\/nyheter\/ikonen-och-sexsymbolen-brigitte-bardot-ar-dod-blev-91-ar\" title=\"Ikonen och sexsymbolen Brigitte Bardot \u00e4r d\u00f6d \u2013 blev 91 \u00e5r\" class=\"underline-custom !font-montserrat !font-bold !underline-offset-4 !decoration-4 !decoration-moviezine-green !text-md\" rel=\"nofollow noopener\" target=\"_blank\">Ikonen och sexsymbolen Brigitte Bardot \u00e4r d\u00f6d \u2013 blev 91 \u00e5r<\/a><\/p>\n<p>Isiah Whitlock Jr. s\u00e4ger \u201dshiiiiit i \u201dThe Wire\u201d:<\/p>\n<p><img loading=\"lazy\" decoding=\"async\" alt=\"YouTube video\" width=\"480\" height=\"360\" data-pin-nopin=\"true\" nopin=\"nopin\" class=\"perfmatters-lazy\" src=\"https:\/\/www.europesays.com\/se\/wp-content\/uploads\/2026\/01\/hqdefault.jpg\"\/><\/p>\n<p>L\u00e4s ocks\u00e5: <a href=\"https:\/\/www.moviezine.se\/nyheter\/martin-scorsese-minns-rob-reiner-han-njot-fullt-ut-av-livet\" title=\"Martin Scorsese minns Rob Reiner: \u201dHan nj\u00f6t fullt ut av livet\u201d\" class=\"underline-custom !font-montserrat !font-bold !underline-offset-4 !decoration-4 !decoration-moviezine-green !text-md\" rel=\"nofollow noopener\" target=\"_blank\">Martin Scorsese minns Rob Reiner: \u201dHan nj\u00f6t fullt ut av livet\u201d<\/a><\/p>\n","protected":false},"excerpt":{"rendered":"Det har inte g\u00e5tt mycket mer \u00e4n en vecka sedan vi fick beskedet att sk\u00e5despelaren James Ransone g\u00e5tt&hellip;\n","protected":false},"author":2,"featured_media":122161,"comment_status":"","ping_status":"","sticky":false,"template":"","format":"standard","meta":{"footnotes":""},"categories":[67],"tags":[104,34,31,33,32,30,105,2501],"class_list":{"0":"post-122160","1":"post","2":"type-post","3":"status-publish","4":"format-standard","5":"has-post-thumbnail","7":"category-underhallning","8":"tag-entertainment","9":"tag-se","10":"tag-svenska","11":"tag-sverige","12":"tag-sweden","13":"tag-swedish","14":"tag-underhallning","15":"tag-vila-i-frid"},"share_on_mastodon":{"url":"https:\/\/pubeurope.com\/@se\/115816924660451906","error":""},"_links":{"self":[{"href":"https:\/\/www.europesays.com\/se\/wp-json\/wp\/v2\/posts\/122160","targetHints":{"allow":["GET"]}}],"collection":[{"href":"https:\/\/www.europesays.com\/se\/wp-json\/wp\/v2\/posts"}],"about":[{"href":"https:\/\/www.europesays.com\/se\/wp-json\/wp\/v2\/types\/post"}],"author":[{"embeddable":true,"href":"https:\/\/www.europesays.com\/se\/wp-json\/wp\/v2\/users\/2"}],"replies":[{"embeddable":true,"href":"https:\/\/www.europesays.com\/se\/wp-json\/wp\/v2\/comments?post=122160"}],"version-history":[{"count":0,"href":"https:\/\/www.europesays.com\/se\/wp-json\/wp\/v2\/posts\/122160\/revisions"}],"wp:featuredmedia":[{"embeddable":true,"href":"https:\/\/www.europesays.com\/se\/wp-json\/wp\/v2\/media\/122161"}],"wp:attachment":[{"href":"https:\/\/www.europesays.com\/se\/wp-json\/wp\/v2\/media?parent=122160"}],"wp:term":[{"taxonomy":"category","embeddable":true,"href":"https:\/\/www.europesays.com\/se\/wp-json\/wp\/v2\/categories?post=122160"},{"taxonomy":"post_tag","embeddable":true,"href":"https:\/\/www.europesays.com\/se\/wp-json\/wp\/v2\/tags?post=122160"}],"curies":[{"name":"wp","href":"https:\/\/api.w.org\/{rel}","templated":true}]}}