{"id":122163,"date":"2026-01-01T00:10:08","date_gmt":"2026-01-01T00:10:08","guid":{"rendered":"https:\/\/www.europesays.com\/se\/122163\/"},"modified":"2026-01-01T00:10:08","modified_gmt":"2026-01-01T00:10:08","slug":"zelenskyj-avtal-tio-procent-bort","status":"publish","type":"post","link":"https:\/\/www.europesays.com\/se\/122163\/","title":{"rendered":"Zelenskyj: Avtal tio procent bort"},"content":{"rendered":"<p>share-arrowDela<\/p>\n<p>unsaveSpara<\/p>\n<p>expand-left<\/p>\n<p>helsk\u00e4rm<img decoding=\"async\" class=\"image-asset hyperion-css-u06ts1\" data-test-tag=\"image-asset\" src=\"https:\/\/www.europesays.com\/se\/wp-content\/uploads\/2026\/01\/38784d95-fcf7-465a-b3e6-56d3df0ba508.jpeg\"  alt=\"Ukrainas president Volodymyr Zelenskyj med det amerikanska s\u00e4ndebudet Steve Witkoff under fredssamtal i Berlin. Arkivbild.\"  loading=\"eager\" fetchpriority=\"high\" style=\"aspect-ratio:1900 \/ 1267\"\/>Ukrainas president Volodymyr Zelenskyj med det amerikanska s\u00e4ndebudet Steve Witkoff under fredssamtal i Berlin. Arkivbild. Foto: Cornelius Poppe\/NTB\/TT<\/p>\n<p class=\"hyperion-css-1v9qo5x\">Ett avtal om att avsluta kriget med Ryssland \u00e4r \u201dtio procent\u201d bort, uppger Ukrainas president Volodymyr Zelenskyj.<\/p>\n<p class=\"hyperion-css-1v9qo5x\">I sitt ny\u00e5rstal sade presidenten att Ukraina vill ha ett slut p\u00e5 kriget, men inte till \u201dvilket pris som helst\u201d. Han sade ocks\u00e5 att alla avtal m\u00e5ste inneh\u00e5lla starka s\u00e4kerhetsgarantier f\u00f6r att avskr\u00e4cka Ryssland fr\u00e5n att invadera igen.<\/p>\n<p class=\"hyperion-css-1v9qo5x\">Presidenten varnar ocks\u00e5 f\u00f6r att de viktigaste fr\u00e5gorna inte \u00e4r l\u00f6sta.<\/p>\n","protected":false},"excerpt":{"rendered":"share-arrowDela unsaveSpara expand-left helsk\u00e4rmUkrainas president Volodymyr Zelenskyj med det amerikanska s\u00e4ndebudet Steve Witkoff under fredssamtal i Berlin. Arkivbild.&hellip;\n","protected":false},"author":2,"featured_media":122164,"comment_status":"","ping_status":"","sticky":false,"template":"","format":"standard","meta":{"footnotes":""},"categories":[5],"tags":[22,23,26,27,17,21,24,25,28,29,15,16,18,34,31,33,32,30,19,20],"class_list":{"0":"post-122163","1":"post","2":"type-post","3":"status-publish","4":"format-standard","5":"has-post-thumbnail","7":"category-rubriker","8":"tag-breaking-news","9":"tag-breakingnews","10":"tag-featured-news","11":"tag-featurednews","12":"tag-headlines","13":"tag-huvudnyheter","14":"tag-latest-news","15":"tag-latestnews","16":"tag-main-news","17":"tag-mainnews","18":"tag-news","19":"tag-nyheter","20":"tag-rubriker","21":"tag-se","22":"tag-svenska","23":"tag-sverige","24":"tag-sweden","25":"tag-swedish","26":"tag-top-stories","27":"tag-topstories"},"share_on_mastodon":{"url":"https:\/\/pubeurope.com\/@se\/115816944308303209","error":""},"_links":{"self":[{"href":"https:\/\/www.europesays.com\/se\/wp-json\/wp\/v2\/posts\/122163","targetHints":{"allow":["GET"]}}],"collection":[{"href":"https:\/\/www.europesays.com\/se\/wp-json\/wp\/v2\/posts"}],"about":[{"href":"https:\/\/www.europesays.com\/se\/wp-json\/wp\/v2\/types\/post"}],"author":[{"embeddable":true,"href":"https:\/\/www.europesays.com\/se\/wp-json\/wp\/v2\/users\/2"}],"replies":[{"embeddable":true,"href":"https:\/\/www.europesays.com\/se\/wp-json\/wp\/v2\/comments?post=122163"}],"version-history":[{"count":0,"href":"https:\/\/www.europesays.com\/se\/wp-json\/wp\/v2\/posts\/122163\/revisions"}],"wp:featuredmedia":[{"embeddable":true,"href":"https:\/\/www.europesays.com\/se\/wp-json\/wp\/v2\/media\/122164"}],"wp:attachment":[{"href":"https:\/\/www.europesays.com\/se\/wp-json\/wp\/v2\/media?parent=122163"}],"wp:term":[{"taxonomy":"category","embeddable":true,"href":"https:\/\/www.europesays.com\/se\/wp-json\/wp\/v2\/categories?post=122163"},{"taxonomy":"post_tag","embeddable":true,"href":"https:\/\/www.europesays.com\/se\/wp-json\/wp\/v2\/tags?post=122163"}],"curies":[{"name":"wp","href":"https:\/\/api.w.org\/{rel}","templated":true}]}}