{"id":122165,"date":"2026-01-01T00:17:07","date_gmt":"2026-01-01T00:17:07","guid":{"rendered":"https:\/\/www.europesays.com\/se\/122165\/"},"modified":"2026-01-01T00:17:07","modified_gmt":"2026-01-01T00:17:07","slug":"fick-fyrverkeripjas-i-ansiktet-allvarligt-skadad","status":"publish","type":"post","link":"https:\/\/www.europesays.com\/se\/122165\/","title":{"rendered":"Fick fyrverkeripj\u00e4s i ansiktet \u2013 allvarligt skadad"},"content":{"rendered":"<p>M\u00e5nga personer befann sig p\u00e5 platsen d\u00e4r h\u00e4ndelsen intr\u00e4ffade, enligt polisens presstalesperson Ola \u00d6sterling.<\/p>\n<p>\u2013 Troligtvis har man siktat p\u00e5 varandra med fyrverkeripj\u00e4ser, s\u00e4ger \u00d6sterling.<\/p>\n<p>Utredning p\u00e5g\u00e5r<\/p>\n<p>En brottsutredning om v\u00e5llande till kroppsskada har inletts.<\/p>\n<p>\u00c4ven i H\u00f6rby har en man skadats under ny\u00e5rsaftonskv\u00e4llen. Mannen, som \u00e4r i 30-\u00e5rs\u00e5ldern, har enligt polisen \u201dlaborerat med fyrverkeripj\u00e4ser i sitt k\u00f6k\u201d.<\/p>\n<p>Allvarligt skadad<\/p>\n<p>Detta ledde till att en pj\u00e4s sm\u00e4llde av och startade en mindre brand i k\u00f6ket. R\u00e4ddningstj\u00e4nst, polis och sjukv\u00e5rdspersonal kallades till platsen.<\/p>\n<p>Mannen f\u00f6rdes till sjukhus i ambulans med skador p\u00e5 fingrar och h\u00e4nder. Hans skador bed\u00f6ms allvarliga.<\/p>\n","protected":false},"excerpt":{"rendered":"M\u00e5nga personer befann sig p\u00e5 platsen d\u00e4r h\u00e4ndelsen intr\u00e4ffade, enligt polisens presstalesperson Ola \u00d6sterling. \u2013 Troligtvis har man&hellip;\n","protected":false},"author":2,"featured_media":793,"comment_status":"","ping_status":"","sticky":false,"template":"","format":"standard","meta":{"footnotes":""},"categories":[12],"tags":[22,23,26,27,17,21,24,25,28,29,15,16,18,34,31,33,32,30,19,20],"class_list":{"0":"post-122165","1":"post","2":"type-post","3":"status-publish","4":"format-standard","5":"has-post-thumbnail","7":"category-sverige","8":"tag-breaking-news","9":"tag-breakingnews","10":"tag-featured-news","11":"tag-featurednews","12":"tag-headlines","13":"tag-huvudnyheter","14":"tag-latest-news","15":"tag-latestnews","16":"tag-main-news","17":"tag-mainnews","18":"tag-news","19":"tag-nyheter","20":"tag-rubriker","21":"tag-se","22":"tag-svenska","23":"tag-sverige","24":"tag-sweden","25":"tag-swedish","26":"tag-top-stories","27":"tag-topstories"},"share_on_mastodon":{"url":"https:\/\/pubeurope.com\/@se\/115816971836297539","error":""},"_links":{"self":[{"href":"https:\/\/www.europesays.com\/se\/wp-json\/wp\/v2\/posts\/122165","targetHints":{"allow":["GET"]}}],"collection":[{"href":"https:\/\/www.europesays.com\/se\/wp-json\/wp\/v2\/posts"}],"about":[{"href":"https:\/\/www.europesays.com\/se\/wp-json\/wp\/v2\/types\/post"}],"author":[{"embeddable":true,"href":"https:\/\/www.europesays.com\/se\/wp-json\/wp\/v2\/users\/2"}],"replies":[{"embeddable":true,"href":"https:\/\/www.europesays.com\/se\/wp-json\/wp\/v2\/comments?post=122165"}],"version-history":[{"count":0,"href":"https:\/\/www.europesays.com\/se\/wp-json\/wp\/v2\/posts\/122165\/revisions"}],"wp:featuredmedia":[{"embeddable":true,"href":"https:\/\/www.europesays.com\/se\/wp-json\/wp\/v2\/media\/793"}],"wp:attachment":[{"href":"https:\/\/www.europesays.com\/se\/wp-json\/wp\/v2\/media?parent=122165"}],"wp:term":[{"taxonomy":"category","embeddable":true,"href":"https:\/\/www.europesays.com\/se\/wp-json\/wp\/v2\/categories?post=122165"},{"taxonomy":"post_tag","embeddable":true,"href":"https:\/\/www.europesays.com\/se\/wp-json\/wp\/v2\/tags?post=122165"}],"curies":[{"name":"wp","href":"https:\/\/api.w.org\/{rel}","templated":true}]}}