{"id":122174,"date":"2026-01-01T02:17:07","date_gmt":"2026-01-01T02:17:07","guid":{"rendered":"https:\/\/www.europesays.com\/se\/122174\/"},"modified":"2026-01-01T02:17:07","modified_gmt":"2026-01-01T02:17:07","slug":"ville-hotad-efter-att-ha-varvats-av-gang-i-norrkoping","status":"publish","type":"post","link":"https:\/\/www.europesays.com\/se\/122174\/","title":{"rendered":"Ville hotad efter att ha v\u00e4rvats av g\u00e4ng i Norrk\u00f6ping"},"content":{"rendered":"<p class=\"long-read-first-paragraph\">De heter egentligen n\u00e5got annat, men vill vara anonyma eftersom de inte vet hur allvarlig hotbilden mot sonen egentligen \u00e4r.Det handlar om en helt vanlig familj med flera barn, som bor i ett radhus i Norrk\u00f6ping och d\u00e4r b\u00e5da f\u00f6r\u00e4ldrarna har genomsnittliga jobb och inkomster.Och s\u00e5 har de en son \u2013 14-\u00e5rige Wille \u2013 som g\u00e5r p\u00e5 h\u00f6gstadiet, har ADHD och, enligt f\u00f6r\u00e4ldrarna,<\/p>\n","protected":false},"excerpt":{"rendered":"De heter egentligen n\u00e5got annat, men vill vara anonyma eftersom de inte vet hur allvarlig hotbilden mot sonen&hellip;\n","protected":false},"author":2,"featured_media":122175,"comment_status":"","ping_status":"","sticky":false,"template":"","format":"standard","meta":{"footnotes":""},"categories":[12],"tags":[22,23,26,27,17,21,24,25,28,29,15,16,18,34,31,33,32,30,19,20],"class_list":{"0":"post-122174","1":"post","2":"type-post","3":"status-publish","4":"format-standard","5":"has-post-thumbnail","7":"category-sverige","8":"tag-breaking-news","9":"tag-breakingnews","10":"tag-featured-news","11":"tag-featurednews","12":"tag-headlines","13":"tag-huvudnyheter","14":"tag-latest-news","15":"tag-latestnews","16":"tag-main-news","17":"tag-mainnews","18":"tag-news","19":"tag-nyheter","20":"tag-rubriker","21":"tag-se","22":"tag-svenska","23":"tag-sverige","24":"tag-sweden","25":"tag-swedish","26":"tag-top-stories","27":"tag-topstories"},"share_on_mastodon":{"url":"https:\/\/pubeurope.com\/@se\/115817443646490737","error":""},"_links":{"self":[{"href":"https:\/\/www.europesays.com\/se\/wp-json\/wp\/v2\/posts\/122174","targetHints":{"allow":["GET"]}}],"collection":[{"href":"https:\/\/www.europesays.com\/se\/wp-json\/wp\/v2\/posts"}],"about":[{"href":"https:\/\/www.europesays.com\/se\/wp-json\/wp\/v2\/types\/post"}],"author":[{"embeddable":true,"href":"https:\/\/www.europesays.com\/se\/wp-json\/wp\/v2\/users\/2"}],"replies":[{"embeddable":true,"href":"https:\/\/www.europesays.com\/se\/wp-json\/wp\/v2\/comments?post=122174"}],"version-history":[{"count":0,"href":"https:\/\/www.europesays.com\/se\/wp-json\/wp\/v2\/posts\/122174\/revisions"}],"wp:featuredmedia":[{"embeddable":true,"href":"https:\/\/www.europesays.com\/se\/wp-json\/wp\/v2\/media\/122175"}],"wp:attachment":[{"href":"https:\/\/www.europesays.com\/se\/wp-json\/wp\/v2\/media?parent=122174"}],"wp:term":[{"taxonomy":"category","embeddable":true,"href":"https:\/\/www.europesays.com\/se\/wp-json\/wp\/v2\/categories?post=122174"},{"taxonomy":"post_tag","embeddable":true,"href":"https:\/\/www.europesays.com\/se\/wp-json\/wp\/v2\/tags?post=122174"}],"curies":[{"name":"wp","href":"https:\/\/api.w.org\/{rel}","templated":true}]}}