{"id":122180,"date":"2026-01-01T02:25:17","date_gmt":"2026-01-01T02:25:17","guid":{"rendered":"https:\/\/www.europesays.com\/se\/122180\/"},"modified":"2026-01-01T02:25:17","modified_gmt":"2026-01-01T02:25:17","slug":"destination-gotland-om-bokningsproblemen-allvarligt","status":"publish","type":"post","link":"https:\/\/www.europesays.com\/se\/122180\/","title":{"rendered":"Destination Gotland om bokningsproblemen: \u201dAllvarligt\u201d"},"content":{"rendered":"<p>I samband med att stormen Johannes drog in \u00f6ver Sverige st\u00e4llde Destination Gotland in flera av sina turer. M\u00e5nga ville boka om sina biljetter, men flera fick problem med bokningssystemet och kom inte fram i telefonk\u00f6n.\u2013 Det \u00e4r inget fel p\u00e5 sajten men det \u00e4r h\u00f6g belastning just nu. Det \u00e4r m\u00e5nga som \u00e4r inne och som \u00e4ven ringer kundtj\u00e4nst. S\u00e5 v\u00e5r uppmaning \u00e4r att man ha<\/p>\n","protected":false},"excerpt":{"rendered":"I samband med att stormen Johannes drog in \u00f6ver Sverige st\u00e4llde Destination Gotland in flera av sina turer.&hellip;\n","protected":false},"author":2,"featured_media":122181,"comment_status":"","ping_status":"","sticky":false,"template":"","format":"standard","meta":{"footnotes":""},"categories":[12],"tags":[22,23,26,27,17,21,24,25,28,29,15,16,18,34,31,33,32,30,19,20],"class_list":{"0":"post-122180","1":"post","2":"type-post","3":"status-publish","4":"format-standard","5":"has-post-thumbnail","7":"category-sverige","8":"tag-breaking-news","9":"tag-breakingnews","10":"tag-featured-news","11":"tag-featurednews","12":"tag-headlines","13":"tag-huvudnyheter","14":"tag-latest-news","15":"tag-latestnews","16":"tag-main-news","17":"tag-mainnews","18":"tag-news","19":"tag-nyheter","20":"tag-rubriker","21":"tag-se","22":"tag-svenska","23":"tag-sverige","24":"tag-sweden","25":"tag-swedish","26":"tag-top-stories","27":"tag-topstories"},"share_on_mastodon":{"url":"https:\/\/pubeurope.com\/@se\/115817475118204455","error":""},"_links":{"self":[{"href":"https:\/\/www.europesays.com\/se\/wp-json\/wp\/v2\/posts\/122180","targetHints":{"allow":["GET"]}}],"collection":[{"href":"https:\/\/www.europesays.com\/se\/wp-json\/wp\/v2\/posts"}],"about":[{"href":"https:\/\/www.europesays.com\/se\/wp-json\/wp\/v2\/types\/post"}],"author":[{"embeddable":true,"href":"https:\/\/www.europesays.com\/se\/wp-json\/wp\/v2\/users\/2"}],"replies":[{"embeddable":true,"href":"https:\/\/www.europesays.com\/se\/wp-json\/wp\/v2\/comments?post=122180"}],"version-history":[{"count":0,"href":"https:\/\/www.europesays.com\/se\/wp-json\/wp\/v2\/posts\/122180\/revisions"}],"wp:featuredmedia":[{"embeddable":true,"href":"https:\/\/www.europesays.com\/se\/wp-json\/wp\/v2\/media\/122181"}],"wp:attachment":[{"href":"https:\/\/www.europesays.com\/se\/wp-json\/wp\/v2\/media?parent=122180"}],"wp:term":[{"taxonomy":"category","embeddable":true,"href":"https:\/\/www.europesays.com\/se\/wp-json\/wp\/v2\/categories?post=122180"},{"taxonomy":"post_tag","embeddable":true,"href":"https:\/\/www.europesays.com\/se\/wp-json\/wp\/v2\/tags?post=122180"}],"curies":[{"name":"wp","href":"https:\/\/api.w.org\/{rel}","templated":true}]}}