{"id":122186,"date":"2026-01-01T02:33:17","date_gmt":"2026-01-01T02:33:17","guid":{"rendered":"https:\/\/www.europesays.com\/se\/122186\/"},"modified":"2026-01-01T02:33:17","modified_gmt":"2026-01-01T02:33:17","slug":"pistvakten-adam-hyllas-efter-hjalteinsats-i-salen","status":"publish","type":"post","link":"https:\/\/www.europesays.com\/se\/122186\/","title":{"rendered":"Pistvakten Adam hyllas efter hj\u00e4lteinsats i S\u00e4len"},"content":{"rendered":"<p>Publicerad 30 dec 2025 kl 20.27<\/p>\n<p>En skidtur i S\u00e4len slutade i blod och panik n\u00e4r 22-\u00e5riga Fred skar upp l\u00e5ret.<\/p>\n<p>D\u00e5 klev pistvakten Adam, 21, fram \u2013 och gjorde en hj\u00e4lteinsats som nu hyllas stort.<\/p>\n<p>\u2013 Utan honom hade det kunnat g\u00e5 riktigt illa, s\u00e4ger Freds pappa Fredrik Fritzon Ohlsson.<\/p>\n<p>Senaste nyhetsklippen fr\u00e5n Expressen.<img   alt=\"\"\/><\/p>\n<p>Adam Dovelius (i r\u00f6tt) hyllas efter hans insats n\u00e4r 22-\u00e5riga Fred skar upp sitt l\u00e5r.<\/p>\n<p>Foto: Privat<\/p>\n<p>\u00d6ppna bild i helsk\u00e4rm<img loading=\"lazy\"   alt=\"\"\/><\/p>\n<p>H\u00e4r lastas Fred in i ambulansen.<\/p>\n<p>Foto: Privat<\/p>\n<p>\u00d6ppna bild i helsk\u00e4rm<img loading=\"lazy\"   alt=\"\"\/><\/p>\n<p>Det l\u00e4r ta ett tag innan 22-\u00e5riga Fred st\u00e5r p\u00e5 ett par skidor igen.<\/p>\n<p>Foto: Privat<\/p>\n<p>\u00d6ppna bild i helsk\u00e4rmArtikeln i korthet<\/p>\n<p> Fred, 22, skadade sig allvarligt i skidbacken i S\u00e4len.<\/p>\n<p> Pistvakten Adam, 21, agerade snabbt och r\u00e4ddade situationen.<\/p>\n<p> Adams insats hyllas nu stort: \u201dFullst\u00e4ndig kung\u201d.<\/p>\n<p>Visa mer<\/p>\n<p>Skymningen hade b\u00f6rjat falla i <a href=\"https:\/\/www.expressen.se\/tagg\/location\/salen\/\" class=\"\" rel=\"nofollow noopener\" target=\"_blank\">S\u00e4len<\/a> och backen l\u00e5g n\u00e4stan tom. Fred Fleetwood, 22, \u00e5kte f\u00f6re sin pappa Fredrik, 59, n\u00e4r han pl\u00f6tsligt tappade kontrollen.<\/p>\n<p>\u2013 Jag s\u00e5g att han tumlade runt, men det h\u00e4nder ju. Det var f\u00f6rst n\u00e4r jag kom fram som han sa: \u201dPappa, jag har skadat mig. Du m\u00e5ste ringa ambulans\u201d.<\/p>\n<p>Fredrik tittade ner p\u00e5 sin sons ben.<\/p>\n<p>\u2013 D\u00e5 ser jag hur det pulserar blod rakt ut genom byxorna. Sn\u00f6n runt honom var helt r\u00f6d. Det var s\u00e5 j\u00e4vla chockartat.<\/p>\n<p>Fred hade fallit p\u00e5 sin egen skida. Den nyslipade st\u00e5lkanten hade skurit rakt igenom skidbyxor, underst\u00e4ll och djupt in i l\u00e5ret \u2013 n\u00e4stan ner till benet.<\/p>\n<p>Tog kommando<\/p>\n<p>Med stor m\u00f6da tog de sig ner till liftens start. D\u00e4r fanns pistvakten Adam Dovelius.<\/p>\n<p>\u2013 Han klev in och tog \u00f6ver hela situationen direkt, s\u00e4ger Fredrik.<\/p>\n<p>Adam f\u00f6rde in Fred i personalstugan, lade honom p\u00e5 golvet och klippte upp byxorna. Med handdukar och hela sin kroppsvikt pressade han mot s\u00e5ret f\u00f6r att stoppa blodfl\u00f6det, samtidigt som ambulans larmades.<\/p>\n<p>\u2013 Han dirigerade sina kolleger och ledde allt lugnt och metodiskt, utan stress.<\/p>\n<p><img loading=\"lazy\"   alt=\"\"\/><\/p>\n<p>Trots att Fred f\u00f6rlorat en del blod var han vid gott hum\u00f6r n\u00e4r ambulansen kom.<\/p>\n<p>Foto: Privat<\/p>\n<p>\u00d6ppna bild i helsk\u00e4rm<\/p>\n<p>N\u00e4r ambulansen till slut kom var det Adam som m\u00f6tte upp sjukv\u00e5rdspersonalen. Efter att ambulanspersonalen hade tagit \u00f6ver v\u00e4nde han sig till Fredrik.<\/p>\n<p>\u2013 Jag var totalt livr\u00e4dd. D\u00e5 kom han fram och gav mig en kram. En 20-\u00e5ring som tr\u00f6star en 59-\u00e5rig gubbe, s\u00e4ger Fredrik.<\/p>\n<p>\u2013 Han var verkligen den vuxna i rummet.<\/p>\n<p>\u201dH\u00f6j hans l\u00f6n\u201d<\/p>\n<p>Fred syddes ihop med m\u00e5nga stygn p\u00e5 sjukhuset i S\u00e4len. Skadan missade puls\u00e5dror och st\u00f6rre muskler och prognosen \u00e4r god.<\/p>\n<p>\u2013 Det kunde knappt ha g\u00e5tt b\u00e4ttre, med tanke p\u00e5 omst\u00e4ndigheterna. Och det \u00e4r till stor del Adams f\u00f6rtj\u00e4nst.<\/p>\n<p>Fredrik valde att skriva ett inl\u00e4gg p\u00e5 Facebook f\u00f6r att hylla pistvakten offentligt. Det har f\u00e5tt rej\u00e4l spridning, med \u00f6ver 9000 reaktioner.<\/p>\n<p>\u2013 Det \u00e4r s\u00e5 l\u00e4tt att avf\u00e4rda unga i dag. Men s\u00e5 finns det s\u00e5na h\u00e4r killar, hj\u00e4ltar som inger hopp om framtiden, s\u00e4ger Fredrik.<\/p>\n<p>\u2013 H\u00f6j hans l\u00f6n. Han var en fullst\u00e4ndig kung.<\/p>\n<p>N\u00e5gra dagar efter olyckan, n\u00e4r Expressen n\u00e5r pisthj\u00e4lten Adam Dovelius, har det mesta av chocken lagt sig.<\/p>\n<p>\u2013 Det \u00e4r klart att det \u00e4r kul att folk uppskattar det. Samtidigt k\u00e4nns det lite \u00f6verv\u00e4ldigande, s\u00e4ger Adam Dovelius och syftar p\u00e5 all uppm\u00e4rksamhet som han f\u00e5tt.<\/p>\n<p>Han hade nyligen gjort lumpen som sjukv\u00e5rdare och tr\u00e4nat p\u00e5 just den typen av skador. Samtidigt f\u00f6rs\u00f6kte han h\u00e5lla Fred lugn.\u00a0<\/p>\n<p>\u2013 Det \u00e4r ofta r\u00e4dslan som \u00e4r v\u00e4rst. Sm\u00e4rtan g\u00e5r att hantera, men paniken kan ta \u00f6ver helt.<\/p>\n<p>Trots blodet kunde Adam ganska snabbt se att skadan inte var livshotande.<\/p>\n<p>\u2013 N\u00e4r jag sj\u00e4lv ins\u00e5g det kunde jag ocks\u00e5 s\u00e4ga det till dem. \u201dDet \u00e4r lugnt, det h\u00e4r kommer g\u00e5 bra\u201d.<\/p>\n","protected":false},"excerpt":{"rendered":"Publicerad 30 dec 2025 kl 20.27 En skidtur i S\u00e4len slutade i blod och panik n\u00e4r 22-\u00e5riga Fred&hellip;\n","protected":false},"author":2,"featured_media":122187,"comment_status":"","ping_status":"","sticky":false,"template":"","format":"standard","meta":{"footnotes":""},"categories":[12],"tags":[22,23,26,27,17,21,24,25,11492,28,29,15,16,18,34,154,31,33,32,30,19,764,20],"class_list":{"0":"post-122186","1":"post","2":"type-post","3":"status-publish","4":"format-standard","5":"has-post-thumbnail","7":"category-sverige","8":"tag-breaking-news","9":"tag-breakingnews","10":"tag-featured-news","11":"tag-featurednews","12":"tag-headlines","13":"tag-huvudnyheter","14":"tag-latest-news","15":"tag-latestnews","16":"tag-location-salen","17":"tag-main-news","18":"tag-mainnews","19":"tag-news","20":"tag-nyheter","21":"tag-rubriker","22":"tag-se","23":"tag-sections-sverige","24":"tag-svenska","25":"tag-sverige","26":"tag-sweden","27":"tag-swedish","28":"tag-top-stories","29":"tag-topic-olycksfall","30":"tag-topstories"},"share_on_mastodon":{"url":"https:\/\/pubeurope.com\/@se\/115817506631871528","error":""},"_links":{"self":[{"href":"https:\/\/www.europesays.com\/se\/wp-json\/wp\/v2\/posts\/122186","targetHints":{"allow":["GET"]}}],"collection":[{"href":"https:\/\/www.europesays.com\/se\/wp-json\/wp\/v2\/posts"}],"about":[{"href":"https:\/\/www.europesays.com\/se\/wp-json\/wp\/v2\/types\/post"}],"author":[{"embeddable":true,"href":"https:\/\/www.europesays.com\/se\/wp-json\/wp\/v2\/users\/2"}],"replies":[{"embeddable":true,"href":"https:\/\/www.europesays.com\/se\/wp-json\/wp\/v2\/comments?post=122186"}],"version-history":[{"count":0,"href":"https:\/\/www.europesays.com\/se\/wp-json\/wp\/v2\/posts\/122186\/revisions"}],"wp:featuredmedia":[{"embeddable":true,"href":"https:\/\/www.europesays.com\/se\/wp-json\/wp\/v2\/media\/122187"}],"wp:attachment":[{"href":"https:\/\/www.europesays.com\/se\/wp-json\/wp\/v2\/media?parent=122186"}],"wp:term":[{"taxonomy":"category","embeddable":true,"href":"https:\/\/www.europesays.com\/se\/wp-json\/wp\/v2\/categories?post=122186"},{"taxonomy":"post_tag","embeddable":true,"href":"https:\/\/www.europesays.com\/se\/wp-json\/wp\/v2\/tags?post=122186"}],"curies":[{"name":"wp","href":"https:\/\/api.w.org\/{rel}","templated":true}]}}