{"id":122194,"date":"2026-01-01T02:48:14","date_gmt":"2026-01-01T02:48:14","guid":{"rendered":"https:\/\/www.europesays.com\/se\/122194\/"},"modified":"2026-01-01T02:48:14","modified_gmt":"2026-01-01T02:48:14","slug":"ramzan-kadyrov-aterupplivades-foll-ihop-pa-julafton-varlden","status":"publish","type":"post","link":"https:\/\/www.europesays.com\/se\/122194\/","title":{"rendered":"Ramzan Kadyrov \u201d\u00e5terupplivades\u201d \u2013 f\u00f6ll ihop p\u00e5 julafton | V\u00e4rlden"},"content":{"rendered":"<p>Publicerad 31 dec 2025 kl 23.09<\/p>\n<p>Tjetjeniens ledare Ramzan Kadyrov \u00e4r \u00e5terigen sjuk.<\/p>\n<p>Enligt ryska medier lades han in p\u00e5 sjukhus p\u00e5 julafton \u2013 och f\u00f6rlorade n\u00e4stan livet.<\/p>\n<p>\u2013 De lyckades knappt att \u00e5teruppliva honom, s\u00e4ger en k\u00e4lla till exilryska <a href=\"https:\/\/novayagazeta.eu\/articles\/2025\/12\/31\/ramzan-kadyrov-byl-ekstrenno-gospitalizirovan-pered-zasedaniem-gossoveta-v-moskve-vot-uzhe-nedeliu-on-ne-poiavliaetsia-na-publike-news\" rel=\"nofollow noopener\" target=\"_blank\">Novaya Gazeta.<\/a><\/p>\n<p><img   alt=\"\"\/> <\/p>\n<p>Foto: sociala medier<\/p>\n<p>\u00d6ppna bild i helsk\u00e4rm<img loading=\"lazy\"   alt=\"\"\/> <\/p>\n<p>Foto: Twitter\/Francis Scarr<\/p>\n<p>\u00d6ppna bild i helsk\u00e4rm<img loading=\"lazy\"   alt=\"\"\/> <\/p>\n<p>Foto: Anatoliy Zhdanov \/ POLARIS\/IBL<\/p>\n<p>\u00d6ppna bild i helsk\u00e4rm<img loading=\"lazy\"   alt=\"\"\/> <\/p>\n<p>Foto: VYACHESLAV PROKOFYEV \/ AP TT NYHETSBYR\u00c5N<\/p>\n<p>\u00d6ppna bild i helsk\u00e4rm<img loading=\"lazy\"   alt=\"\"\/> <\/p>\n<p>Foto: VYACHESLAV PROKOFYEV\/SPUTNIK\/KREMLIN POOL \/ EPA SPUTNIK POOL<\/p>\n<p>\u00d6ppna bild i helsk\u00e4rm<\/p>\n<p>Uppgifter kring Tjetjeniens starke man och Putins n\u00e4ra allierade Ramzan Kadyrov har cirkulerat l\u00e4nge.<\/p>\n<p>Exilryska <a href=\"https:\/\/novayagazeta.eu\/articles\/2025\/12\/31\/ramzan-kadyrov-byl-ekstrenno-gospitalizirovan-pered-zasedaniem-gossoveta-v-moskve-vot-uzhe-nedeliu-on-ne-poiavliaetsia-na-publike-news\" rel=\"nofollow noopener\" target=\"_blank\">Novaya Gazeta<\/a> har tidigare skrivit att Kadyrov lider av bland annat bukspottk\u00f6rtelnekros, en allvarlig sjukdom i bukspottsk\u00f6rteln.<\/p>\n<p>I <a href=\"https:\/\/www.expressen.se\/nyheter\/kadyrovs-svar-efter-komaryktet-jag-mar-bra\" rel=\"nofollow noopener\" target=\"_blank\">september 2023<\/a> gick rykten om att han l\u00e5g i koma, och <a href=\"https:\/\/www.expressen.se\/nyheter\/varlden\/uppgifter-tjetjenske-diktatorn--ramzan-kadyrov-nara-att-drunkna\" rel=\"nofollow noopener\" target=\"_blank\">i somras<\/a> var han n\u00e4ra att drunkna p\u00e5 en semester i Turkiet efter ett sjukdomsfall.<\/p>\n<p>Och under julhelgen var det n\u00e4ra igen.<\/p>\n<p>Kadyrov ska ha lagts in p\u00e5 sjukhus under julaftonsnatten \u2013 och f\u00f6rlorade n\u00e4stan livet, enligt tidningen.<\/p>\n<p>\u201dLyckades knappt att \u00e5teruppliva honom\u201d<\/p>\n<p>Enligt tidningens k\u00e4lla kom Kadyrov till Moskva p\u00e5 julafton f\u00f6r att delta i ett m\u00f6te i statsr\u00e5det under ledning av Vladimir Putin.<\/p>\n<p>Hans h\u00e4lsotillst\u00e5nd f\u00f6rs\u00e4mrades dock kraftigt och han f\u00f6rdes med ambulans till ett sjukhus vid presidentkansliet.<\/p>\n<p><a href=\"https:\/\/www.expressen.se\/nyheter\/kadyrov-utser-dottern-till-vice-premiarminister-\" rel=\"nofollow noopener\" target=\"_blank\">Tjetjeniens vicepresident<\/a>, hans dotter Aisha, var inte p\u00e5 plats, och m\u00f6tet fick forts\u00e4tta utan tjetjensk representation.<\/p>\n<p>\u2013 De lyckades knappt r\u00e4dda honom i Moskva. D\u00e4refter \u00e5terv\u00e4nde han hem och har inte synts offentligt sedan dess, s\u00e4ger en k\u00e4lla till <a href=\"https:\/\/novayagazeta.eu\/articles\/2025\/12\/31\/ramzan-kadyrov-byl-ekstrenno-gospitalizirovan-pered-zasedaniem-gossoveta-v-moskve-vot-uzhe-nedeliu-on-ne-poiavliaetsia-na-publike-news\" rel=\"nofollow noopener\" target=\"_blank\">Novaya Gazeta.<\/a>\u00a0<\/p>\n<p>Legat inne flera g\u00e5nger i \u00e5r: \u201dNervsammanbrott\u201d<\/p>\n<p>Enligt tidningen lades Kadyrov in tidigare i \u00e5r f\u00f6r ett liknande fall. Kadyrov har tagit ett steg tillbaka i regerandet och i st\u00e4llet l\u00e4mnat \u00f6ver flera uppgifter till sina barn.\u00a0<\/p>\n<p>Han har flera g\u00e5nger f\u00f6rnekat att han skulle vara sjuk, och i st\u00e4llet skyllt sina sjukhusbes\u00f6k p\u00e5 nervositet.<\/p>\n<p>\u2013 Jag f\u00e5r nervsammanbrott. En st\u00e4ndig k\u00e4nsla av sp\u00e4nning, som om jag satt p\u00e5 elektrisk str\u00f6m, sa Kadyrov i september, och kopplade detta till sin oro f\u00f6r tjetjenska soldater som strider i kriget i Ukraina enligt <a href=\"https:\/\/ru.themoscowtimes.com\/2025\/12\/31\/putin-v-samom-korotkom-s-nachala-voini-novogodnem-obraschenii-zayavil-o-podderzhke-uchastnikov-svo-i-vere-v-pobedu-a184033\" rel=\"nofollow noopener\" target=\"_blank\">Moscow Times.\u00a0<\/a><\/p>\n<p>Exakt vilken diagnos det r\u00f6r sig om \u00e4r dock ok\u00e4nt, eftersom informationen om hans h\u00e4lsotillst\u00e5nd h\u00e5lls hemlig, uppger Ibragim Yangulbajev, ledare f\u00f6r den tjetjenska oppositionsr\u00f6relsen Adat, f\u00f6r tidningen.<\/p>\n","protected":false},"excerpt":{"rendered":"Publicerad 31 dec 2025 kl 23.09 Tjetjeniens ledare Ramzan Kadyrov \u00e4r \u00e5terigen sjuk. Enligt ryska medier lades han&hellip;\n","protected":false},"author":2,"featured_media":122195,"comment_status":"","ping_status":"","sticky":false,"template":"","format":"standard","meta":{"footnotes":""},"categories":[14],"tags":[22,23,26,27,17,21,24,25,28,29,15,16,18,34,55,31,33,32,30,19,20,51,52,53,54],"class_list":{"0":"post-122194","1":"post","2":"type-post","3":"status-publish","4":"format-standard","5":"has-post-thumbnail","7":"category-varlden","8":"tag-breaking-news","9":"tag-breakingnews","10":"tag-featured-news","11":"tag-featurednews","12":"tag-headlines","13":"tag-huvudnyheter","14":"tag-latest-news","15":"tag-latestnews","16":"tag-main-news","17":"tag-mainnews","18":"tag-news","19":"tag-nyheter","20":"tag-rubriker","21":"tag-se","22":"tag-sections-varlden","23":"tag-svenska","24":"tag-sverige","25":"tag-sweden","26":"tag-swedish","27":"tag-top-stories","28":"tag-topstories","29":"tag-varlden","30":"tag-world","31":"tag-world-news","32":"tag-worldnews"},"share_on_mastodon":{"url":"https:\/\/pubeurope.com\/@se\/115817565624550672","error":""},"_links":{"self":[{"href":"https:\/\/www.europesays.com\/se\/wp-json\/wp\/v2\/posts\/122194","targetHints":{"allow":["GET"]}}],"collection":[{"href":"https:\/\/www.europesays.com\/se\/wp-json\/wp\/v2\/posts"}],"about":[{"href":"https:\/\/www.europesays.com\/se\/wp-json\/wp\/v2\/types\/post"}],"author":[{"embeddable":true,"href":"https:\/\/www.europesays.com\/se\/wp-json\/wp\/v2\/users\/2"}],"replies":[{"embeddable":true,"href":"https:\/\/www.europesays.com\/se\/wp-json\/wp\/v2\/comments?post=122194"}],"version-history":[{"count":0,"href":"https:\/\/www.europesays.com\/se\/wp-json\/wp\/v2\/posts\/122194\/revisions"}],"wp:featuredmedia":[{"embeddable":true,"href":"https:\/\/www.europesays.com\/se\/wp-json\/wp\/v2\/media\/122195"}],"wp:attachment":[{"href":"https:\/\/www.europesays.com\/se\/wp-json\/wp\/v2\/media?parent=122194"}],"wp:term":[{"taxonomy":"category","embeddable":true,"href":"https:\/\/www.europesays.com\/se\/wp-json\/wp\/v2\/categories?post=122194"},{"taxonomy":"post_tag","embeddable":true,"href":"https:\/\/www.europesays.com\/se\/wp-json\/wp\/v2\/tags?post=122194"}],"curies":[{"name":"wp","href":"https:\/\/api.w.org\/{rel}","templated":true}]}}