{"id":122198,"date":"2026-01-01T02:56:11","date_gmt":"2026-01-01T02:56:11","guid":{"rendered":"https:\/\/www.europesays.com\/se\/122198\/"},"modified":"2026-01-01T02:56:11","modified_gmt":"2026-01-01T02:56:11","slug":"lukasjenka-varnade-putin-for-mordplaner-stallde-in-resa-till-sydafrika","status":"publish","type":"post","link":"https:\/\/www.europesays.com\/se\/122198\/","title":{"rendered":"Lukasjenka varnade Putin f\u00f6r mordplaner \u2013 st\u00e4llde in resa till Sydafrika"},"content":{"rendered":"<p>Publicerad 31 dec 2025 kl 22.33Uppdaterad kl 22.40<\/p>\n<p>Aleksandr Lukasjenka varnade sin v\u00e4n Vladimir Putin f\u00f6r ett planerat mordf\u00f6rs\u00f6k.<\/p>\n<p>Detta fick Putin att st\u00e4lla in en planerad resa till ett toppm\u00f6te i Sydafrika.<\/p>\n<p>\u2013 V\u00e5r underr\u00e4ttelsetj\u00e4nst meddelade att en terroristattack planerades mot Putin, s\u00e4ger den belarusiske presidenten.<\/p>\n<p>Senaste nyhetsklippen fr\u00e5n Expressen.<img   alt=\"\"\/><\/p>\n<p>Aleksander Lukasjenka och Vladimir Putin p\u00e5 ett ekonomiskt toppm\u00f6te i Ryssland 2023<\/p>\n<p>Foto: MIKHAIL KLIMENTYEV \/ AP TT NYHETSBYR\u00c5N<\/p>\n<p>\u00d6ppna bild i helsk\u00e4rm<\/p>\n<p>Den ryske presidenten Vladimir Putin skulle i augusti 2023 ha deltagit i en internationell ekonomisk konferens i Sydafrika. Men efter en varning fr\u00e5n sin n\u00e4ra allierade, Belarus president Aleksander Lukasjenka, st\u00e4llde han in resan.<\/p>\n<p>\u2013 Jag minns ett samtal med Putin innan han skulle resa till Sydafrika. Det var inte ett rutinsamtal. V\u00e5r underr\u00e4ttelsetj\u00e4nst, som jobbat bra p\u00e5 senare tid, informerade oss att en terroristattack planerades mot Rysslands president, s\u00e4ger Aleksandr Lukasjenka p\u00e5 onsdagen <a href=\"https:\/\/www.sb.by\/en\/lukashenko-shed-light-on-how-he-warned-putin-against-danger-of-assassination.html\" rel=\"nofollow noopener\" target=\"_blank\">till ryska medier<\/a> och forts\u00e4tter:<\/p>\n<p>\u201d\u00c5k inte dit!\u201d<\/p>\n<p>\u2013 Jag fr\u00e5gade: \u201dSka du \u00e5ka dit?\u201d Han sa: \u201dDe bad mig komma, de v\u00e4ntar p\u00e5 mig\u201d. Jag svarade: \u201dVad g\u00f6r du, \u00e5k inte dit, det p\u00e5g\u00e5r ett krig! Du beh\u00f6ver inte \u00e5ka dit, den som vill tr\u00e4ffa dig kommer till dig.\u201d<\/p>\n<p>Putin hade t\u00e4nkt delta i ett toppm\u00f6te med ledarna f\u00f6r medlemsl\u00e4nderna i Brics, en internationell organisation f\u00f6r ekonomiskt samarbete d\u00e4r bland andra <a href=\"https:\/\/www.expressen.se\/tagg\/location\/ryssland\/\" class=\"\" rel=\"nofollow noopener\" target=\"_blank\">Ryssland<\/a>, Brasilien, Indien, Kina och Sydafrika ing\u00e5r.<\/p>\n<p>Putin stannade hemma och skickade i st\u00e4llet sin utrikesminister Sergej Lavrov till m\u00f6tet.<\/p>\n<p>\u2013 Jag sa till Putin att han kan det h\u00e4r b\u00e4ttre eftersom han jobbade p\u00e5 det h\u00e4r omr\u00e5det, i underr\u00e4ttelsetj\u00e4nsten. Det h\u00e4r var ett fall av om inte v\u00e5rdsl\u00f6shet s\u00e5 bristande vaksamhet, s\u00e4ger Lukasjenka, <a href=\"https:\/\/ura.news\/news\/1053054987\" rel=\"nofollow noopener\" target=\"_blank\">till ryska medier.<\/a>\u00a0<\/p>\n<p>\u201dB\u00f6r tas p\u00e5 allvar\u201d<\/p>\n<p>\u2013 Jag gjorde r\u00e4tt som varnade honom. Det \u00e4r uppenbart att alla i v\u00e4st f\u00f6rst\u00e5r att allt blir annorlunda om Putin f\u00f6rsvinner, det b\u00f6r tas p\u00e5 allvar. Jag talar om det h\u00e4r f\u00f6r f\u00f6rsta g\u00e5ngen i dag eftersom vi inte f\u00e5r vara v\u00e5rdsl\u00f6sa, s\u00e4ger han.<\/p>\n<p>Lukasjenka har tidigare talat om sitt inflytande p\u00e5 Putin och sagt att han p\u00e5verkat relationerna mellan Ryssland och USA. Han s\u00e4ger att han gav r\u00e5d p\u00e5 telefon f\u00f6re toppm\u00f6tet mellan Trump och Putin och han har ocks\u00e5 fungerat som privat medlare i Ukrainafr\u00e5gan mellan Moskva och v\u00e4stl\u00e4nderna.<\/p>\n<p><strong>L\u00c4S MER: <\/strong><a href=\"https:\/\/www.expressen.se\/nyheter\/varlden\/ryssland-ukrainsk-attack-mot-putins-residens\/\" class=\"\" rel=\"nofollow noopener\" target=\"_blank\">Ryssland: Ukrainsk attack mot Putins residens<\/a><strong>L\u00c4S MER: <\/strong><a href=\"https:\/\/www.expressen.se\/nyheter\/varlden\/trump-uppmanar-zelenskyj-att-agera-ryssland-ar-dar\/\" class=\"\" rel=\"nofollow noopener\" target=\"_blank\">Trump uppmanar Zelenskyj att agera:\u201dRyssland \u00e4r d\u00e4r\u201d<\/a><strong>L\u00c4S MER: <\/strong><a href=\"https:\/\/www.expressen.se\/nyheter\/varlden\/lukasjenka-oresjnik-redo-att-tas-i-bruk-i-belarus\/\" class=\"\" rel=\"nofollow noopener\" target=\"_blank\">Lukasjenka: \u201dOresjnik\u201d redo att tas i bruk i Belarus<\/a><\/p>\n","protected":false},"excerpt":{"rendered":"Publicerad 31 dec 2025 kl 22.33Uppdaterad kl 22.40 Aleksandr Lukasjenka varnade sin v\u00e4n Vladimir Putin f\u00f6r ett planerat&hellip;\n","protected":false},"author":2,"featured_media":122199,"comment_status":"","ping_status":"","sticky":false,"template":"","format":"standard","meta":{"footnotes":""},"categories":[14],"tags":[22,23,26,27,17,21,24,25,540,274,28,29,15,16,6098,203,18,34,55,31,33,32,30,19,20,51,52,53,54],"class_list":{"0":"post-122198","1":"post","2":"type-post","3":"status-publish","4":"format-standard","5":"has-post-thumbnail","7":"category-varlden","8":"tag-breaking-news","9":"tag-breakingnews","10":"tag-featured-news","11":"tag-featurednews","12":"tag-headlines","13":"tag-huvudnyheter","14":"tag-latest-news","15":"tag-latestnews","16":"tag-location-belarus","17":"tag-location-ryssland","18":"tag-main-news","19":"tag-mainnews","20":"tag-news","21":"tag-nyheter","22":"tag-person-aleksandr-lukasjenka","23":"tag-person-vladimir-putin","24":"tag-rubriker","25":"tag-se","26":"tag-sections-varlden","27":"tag-svenska","28":"tag-sverige","29":"tag-sweden","30":"tag-swedish","31":"tag-top-stories","32":"tag-topstories","33":"tag-varlden","34":"tag-world","35":"tag-world-news","36":"tag-worldnews"},"share_on_mastodon":{"url":"https:\/\/pubeurope.com\/@se\/115817597080368173","error":""},"_links":{"self":[{"href":"https:\/\/www.europesays.com\/se\/wp-json\/wp\/v2\/posts\/122198","targetHints":{"allow":["GET"]}}],"collection":[{"href":"https:\/\/www.europesays.com\/se\/wp-json\/wp\/v2\/posts"}],"about":[{"href":"https:\/\/www.europesays.com\/se\/wp-json\/wp\/v2\/types\/post"}],"author":[{"embeddable":true,"href":"https:\/\/www.europesays.com\/se\/wp-json\/wp\/v2\/users\/2"}],"replies":[{"embeddable":true,"href":"https:\/\/www.europesays.com\/se\/wp-json\/wp\/v2\/comments?post=122198"}],"version-history":[{"count":0,"href":"https:\/\/www.europesays.com\/se\/wp-json\/wp\/v2\/posts\/122198\/revisions"}],"wp:featuredmedia":[{"embeddable":true,"href":"https:\/\/www.europesays.com\/se\/wp-json\/wp\/v2\/media\/122199"}],"wp:attachment":[{"href":"https:\/\/www.europesays.com\/se\/wp-json\/wp\/v2\/media?parent=122198"}],"wp:term":[{"taxonomy":"category","embeddable":true,"href":"https:\/\/www.europesays.com\/se\/wp-json\/wp\/v2\/categories?post=122198"},{"taxonomy":"post_tag","embeddable":true,"href":"https:\/\/www.europesays.com\/se\/wp-json\/wp\/v2\/tags?post=122198"}],"curies":[{"name":"wp","href":"https:\/\/api.w.org\/{rel}","templated":true}]}}