{"id":122203,"date":"2026-01-01T03:15:07","date_gmt":"2026-01-01T03:15:07","guid":{"rendered":"https:\/\/www.europesays.com\/se\/122203\/"},"modified":"2026-01-01T03:15:07","modified_gmt":"2026-01-01T03:15:07","slug":"usa-atta-doda-i-attacker-mot-misstankta-knarkbatar","status":"publish","type":"post","link":"https:\/\/www.europesays.com\/se\/122203\/","title":{"rendered":"USA: \u00c5tta d\u00f6da i attacker mot misst\u00e4nkta knarkb\u00e5tar"},"content":{"rendered":"<p>Attacken riktades bland annat mot tre fartyg som f\u00e4rdades i en konvoj, enligt milit\u00e4ren.<\/p>\n<p>Attacken ska ha skett p\u00e5 internationellt vatten, men den exakta platsen \u00e4r oklar. Tidigare angrepp har \u00e4gt rum i Stilla havet och Karibiska havet.<\/p>\n<p>Minst 115 personer har d\u00f6dats i amerikanska attacker mot misst\u00e4nkta knarkb\u00e5tar i internationella vatten sedan september.<\/p>\n","protected":false},"excerpt":{"rendered":"Attacken riktades bland annat mot tre fartyg som f\u00e4rdades i en konvoj, enligt milit\u00e4ren. Attacken ska ha skett&hellip;\n","protected":false},"author":2,"featured_media":793,"comment_status":"","ping_status":"","sticky":false,"template":"","format":"standard","meta":{"footnotes":""},"categories":[5],"tags":[22,23,26,27,17,21,24,25,28,29,15,16,18,34,31,33,32,30,19,20],"class_list":{"0":"post-122203","1":"post","2":"type-post","3":"status-publish","4":"format-standard","5":"has-post-thumbnail","7":"category-rubriker","8":"tag-breaking-news","9":"tag-breakingnews","10":"tag-featured-news","11":"tag-featurednews","12":"tag-headlines","13":"tag-huvudnyheter","14":"tag-latest-news","15":"tag-latestnews","16":"tag-main-news","17":"tag-mainnews","18":"tag-news","19":"tag-nyheter","20":"tag-rubriker","21":"tag-se","22":"tag-svenska","23":"tag-sverige","24":"tag-sweden","25":"tag-swedish","26":"tag-top-stories","27":"tag-topstories"},"share_on_mastodon":{"url":"https:\/\/pubeurope.com\/@se\/115817671727842984","error":""},"_links":{"self":[{"href":"https:\/\/www.europesays.com\/se\/wp-json\/wp\/v2\/posts\/122203","targetHints":{"allow":["GET"]}}],"collection":[{"href":"https:\/\/www.europesays.com\/se\/wp-json\/wp\/v2\/posts"}],"about":[{"href":"https:\/\/www.europesays.com\/se\/wp-json\/wp\/v2\/types\/post"}],"author":[{"embeddable":true,"href":"https:\/\/www.europesays.com\/se\/wp-json\/wp\/v2\/users\/2"}],"replies":[{"embeddable":true,"href":"https:\/\/www.europesays.com\/se\/wp-json\/wp\/v2\/comments?post=122203"}],"version-history":[{"count":0,"href":"https:\/\/www.europesays.com\/se\/wp-json\/wp\/v2\/posts\/122203\/revisions"}],"wp:featuredmedia":[{"embeddable":true,"href":"https:\/\/www.europesays.com\/se\/wp-json\/wp\/v2\/media\/793"}],"wp:attachment":[{"href":"https:\/\/www.europesays.com\/se\/wp-json\/wp\/v2\/media?parent=122203"}],"wp:term":[{"taxonomy":"category","embeddable":true,"href":"https:\/\/www.europesays.com\/se\/wp-json\/wp\/v2\/categories?post=122203"},{"taxonomy":"post_tag","embeddable":true,"href":"https:\/\/www.europesays.com\/se\/wp-json\/wp\/v2\/tags?post=122203"}],"curies":[{"name":"wp","href":"https:\/\/api.w.org\/{rel}","templated":true}]}}