{"id":122208,"date":"2026-01-01T03:23:09","date_gmt":"2026-01-01T03:23:09","guid":{"rendered":"https:\/\/www.europesays.com\/se\/122208\/"},"modified":"2026-01-01T03:23:09","modified_gmt":"2026-01-01T03:23:09","slug":"atta-saker-att-ha-koll-pa-infor-2026","status":"publish","type":"post","link":"https:\/\/www.europesays.com\/se\/122208\/","title":{"rendered":"\u00c5tta saker att ha koll p\u00e5 inf\u00f6r 2026"},"content":{"rendered":"<p class=\"is-style-preamble\">Det kan bli l\u00e4ttare att vabba, skatten s\u00e4nks och du ska f\u00e5 b\u00e4ttre koll p\u00e5 arbetskamraternas l\u00f6n. H\u00e4r \u00e4r n\u00e5gra regler att k\u00e4nna till inf\u00f6r 2026 f\u00f6r dig som jobbar \u2013 och dig som jobbat klart.<\/p>\n<p><strong>Mer vab f\u00f6r funkisf\u00f6r\u00e4ldrar<\/strong><\/p>\n<p><strong>\u00c4r du f\u00f6r\u00e4lder<\/strong> till ett barn med funktionsneds\u00e4ttning, sjukdom eller som beh\u00f6ver st\u00f6d eller skydd av socialtj\u00e4nsten? D\u00e5 kan du f\u00e5 vabba mer. Det kan handla om n\u00e4r du beh\u00f6ver vara med p\u00e5 m\u00f6ten i skolan eller med socialtj\u00e4nsten eller om du ska l\u00e4ra upp skolpersonal om barnets behov. De nya reglerna f\u00f6r vab g\u00e4ller fr\u00e5n den 1 januari.<\/p>\n<p><strong>Ytterligare jobbskatteavdrag<\/strong><\/p>\n<p><strong>Fr\u00e5n den 1 januari<\/strong> s\u00e4nks skatten f\u00f6r alla som jobbar. Om du tj\u00e4nar 300\u2009000 om \u00e5ret handlar det om cirka 150 kronor i m\u00e5naden, om du tj\u00e4nar 500\u2009000 om cirka 400 kronor i m\u00e5naden. Samtidigt s\u00e4nks skatten f\u00f6r de som har sjuk- och aktivitetsers\u00e4ttning, med cirka 1\u2009800 kronor om \u00e5ret. I dag betalar de personerna h\u00f6gre skatt \u00e4n de som arbetar.<\/p>\n<p><strong>Billigare att anst\u00e4lla unga<\/strong><\/p>\n<p><strong>Fr\u00e5n den 1 april <\/strong>och ett och ett halvt \u00e5r fram\u00e5t s\u00e4nks arbetsgivaravgiften f\u00f6r personer mellan 19 och 23 \u00e5r.<\/p>\n<p><strong>F\u00f6r\u00e4ldrapenning h\u00f6js<\/strong><\/p>\n<p><strong>Det s\u00e5 kallade prisbasbeloppet<\/strong> h\u00f6js med 400 kronor och blir 59\u2009200 kronor n\u00e4sta \u00e5r. Det g\u00f6r att saker som f\u00f6r\u00e4ldrapenning, garantipension och studiemedel h\u00f6js n\u00e5got.<\/p>\n<p><strong>Ingen skatt vid laddning av bil<\/strong><\/p>\n<p><strong>Om du f\u00e5r ladda <\/strong>din elbil p\u00e5 jobbet beh\u00f6ver du inte betala f\u00f6rm\u00e5nsskatt. Det har g\u00e4llt ett tag och blir nu permanent.<\/p>\n<p><strong>Mindre avdrag f\u00f6r resor<\/strong><\/p>\n<p><strong>Om du betalar<\/strong> f\u00f6r resor till jobbet kan du f\u00e5 dra av. Men bara f\u00f6r kostnader \u00f6ver 11\u2009000 kronor om \u00e5ret. Det beloppet h\u00f6js n\u00e4sta \u00e5r till 15\u2009000 kronor. \u00c4ven i forts\u00e4ttningen m\u00e5ste du normalt g\u00f6ra en tidsvinst p\u00e5 minst tv\u00e5 timmar<br \/>f\u00f6r att f\u00e5 dra av f\u00f6r bilresor.<\/p>\n<p><strong>Nya regler f\u00f6r IDo6<\/strong><\/p>\n<p><strong>Fr\u00e5n den 28 januari <\/strong>m\u00e5ste den som ans\u00f6ker om ID06 visa pass eller nationellt ID, det r\u00e4cker inte l\u00e4ngre med e-legitimation.<\/p>\n<p><strong>Mer insyn i vad andra har f\u00f6r l\u00f6n<\/strong><\/p>\n<p><strong>Fr\u00e5n juni <\/strong>ska du f\u00e5 veta l\u00f6nel\u00e4get p\u00e5 en arbetsplats d\u00e4r du s\u00f6ker jobb \u2013 utan att beh\u00f6va fr\u00e5ga. Samtidigt beh\u00f6ver du inte sj\u00e4lv svara p\u00e5 fr\u00e5gor om din nuvarande l\u00f6n under anst\u00e4llningsprocessen. I juni m\u00e5ste Sverige ha inf\u00f6rt EU:s l\u00f6netransparensdirektiv. Exakt hur reglerna ska se ut i Sverige \u00e4r inte klart, men f\u00f6rutom det ovan s\u00e5 kommer l\u00f6nekartl\u00e4ggningen att bli mer omfattande, och anst\u00e4llda f\u00e5r r\u00e4tt att veta genomsnittlig l\u00f6n f\u00f6r andra i liknande roller, uppdelat p\u00e5 k\u00f6n.<\/p>\n<p><strong>\u2026\u2009och n\u00e4r du inte jobbar<\/strong><\/p>\n<p><strong>Momsen p\u00e5 mat s\u00e4nks tillf\u00e4lligt<\/strong> fr\u00e5n<br \/>12 till 6 procent mellan den 1 april 2026 och den 31 december 2027. Momsen p\u00e5 intr\u00e4de till danstillst\u00e4llningar s\u00e4nks fr\u00e5n 25 till 6 procent den 1 januari \u2013 samma som det \u00e4r p\u00e5 konserter.<\/p>\n<p><strong>\u2026\u2009och n\u00e4r du jobbat klart<\/strong><\/p>\n<p><strong>Inkomstpensionen h\u00f6js<\/strong> med 1,9 procent. Den som \u00e4ven har garantipension f\u00e5r en l\u00e4gre h\u00f6jning. Rikt\u00e5ldern i pensionen h\u00f6js till 67 \u00e5r.<\/p>\n<p><img loading=\"lazy\" width=\"768\" height=\"1075\" src=\"https:\/\/www.europesays.com\/se\/wp-content\/uploads\/2025\/08\/Anna_Julius_20182-768x1075.jpg\" class=\"image_author\" alt=\"\" decoding=\"async\"  \/><strong><a href=\"https:\/\/da.se\/skribent\/aj\/\" title=\"Visa alla inl\u00e4gg av Anna Julius\" rel=\"author nofollow noopener\" target=\"_blank\">Anna Julius<\/a><\/strong><\/p>\n","protected":false},"excerpt":{"rendered":"Det kan bli l\u00e4ttare att vabba, skatten s\u00e4nks och du ska f\u00e5 b\u00e4ttre koll p\u00e5 arbetskamraternas l\u00f6n. H\u00e4r&hellip;\n","protected":false},"author":2,"featured_media":122209,"comment_status":"","ping_status":"","sticky":false,"template":"","format":"standard","meta":{"footnotes":""},"categories":[5],"tags":[22,23,26,27,17,21,24,25,28,29,15,16,18,34,31,33,32,30,19,20],"class_list":{"0":"post-122208","1":"post","2":"type-post","3":"status-publish","4":"format-standard","5":"has-post-thumbnail","7":"category-rubriker","8":"tag-breaking-news","9":"tag-breakingnews","10":"tag-featured-news","11":"tag-featurednews","12":"tag-headlines","13":"tag-huvudnyheter","14":"tag-latest-news","15":"tag-latestnews","16":"tag-main-news","17":"tag-mainnews","18":"tag-news","19":"tag-nyheter","20":"tag-rubriker","21":"tag-se","22":"tag-svenska","23":"tag-sverige","24":"tag-sweden","25":"tag-swedish","26":"tag-top-stories","27":"tag-topstories"},"share_on_mastodon":{"url":"https:\/\/pubeurope.com\/@se\/115817703207919993","error":""},"_links":{"self":[{"href":"https:\/\/www.europesays.com\/se\/wp-json\/wp\/v2\/posts\/122208","targetHints":{"allow":["GET"]}}],"collection":[{"href":"https:\/\/www.europesays.com\/se\/wp-json\/wp\/v2\/posts"}],"about":[{"href":"https:\/\/www.europesays.com\/se\/wp-json\/wp\/v2\/types\/post"}],"author":[{"embeddable":true,"href":"https:\/\/www.europesays.com\/se\/wp-json\/wp\/v2\/users\/2"}],"replies":[{"embeddable":true,"href":"https:\/\/www.europesays.com\/se\/wp-json\/wp\/v2\/comments?post=122208"}],"version-history":[{"count":0,"href":"https:\/\/www.europesays.com\/se\/wp-json\/wp\/v2\/posts\/122208\/revisions"}],"wp:featuredmedia":[{"embeddable":true,"href":"https:\/\/www.europesays.com\/se\/wp-json\/wp\/v2\/media\/122209"}],"wp:attachment":[{"href":"https:\/\/www.europesays.com\/se\/wp-json\/wp\/v2\/media?parent=122208"}],"wp:term":[{"taxonomy":"category","embeddable":true,"href":"https:\/\/www.europesays.com\/se\/wp-json\/wp\/v2\/categories?post=122208"},{"taxonomy":"post_tag","embeddable":true,"href":"https:\/\/www.europesays.com\/se\/wp-json\/wp\/v2\/tags?post=122208"}],"curies":[{"name":"wp","href":"https:\/\/api.w.org\/{rel}","templated":true}]}}