{"id":122221,"date":"2026-01-01T03:53:18","date_gmt":"2026-01-01T03:53:18","guid":{"rendered":"https:\/\/www.europesays.com\/se\/122221\/"},"modified":"2026-01-01T03:53:18","modified_gmt":"2026-01-01T03:53:18","slug":"thailand-slapper-18-kambodjanska-soldater","status":"publish","type":"post","link":"https:\/\/www.europesays.com\/se\/122221\/","title":{"rendered":"Thailand sl\u00e4pper 18 kambodjanska soldater"},"content":{"rendered":"<p>Thailand har sl\u00e4ppt 18 kambodjanska soldater som en del i det nya avtalet om vapenvila mellan l\u00e4nderna, rapporterar TT. Enligt avtalet skulle soldaterna sl\u00e4ppas inom 72 timmar, men Thailand sk\u00f6t upp frisl\u00e4ppandet efter p\u00e5st\u00e5dda kambodjanska brott mot vapenvilan. Soldaterna hade suttit frihetsber\u00f6vade i 155 dagar.<\/p>\n<p>Vapenvilan tr\u00e4dde i kraft i l\u00f6rdags efter flera veckors strider som kr\u00e4vt \u00f6ver 100 liv och tvingat hundratusentals m\u00e4nniskor att fly.  Tv\u00e5 tidigare vapenvilor mellan l\u00e4nderna har brutit samman under \u00e5ret som g\u00e5tt. <\/p>\n<p>Omni \u00e4r politiskt obundna och oberoende. Vi str\u00e4var efter att ge fler perspektiv p\u00e5 nyheterna. Har du fr\u00e5gor eller synpunkter kring v\u00e5r rapportering? <a href=\"https:\/\/omni.se\/thailand-slapper-18-kambodjanska-soldater\/a\/mailto:redaktion@omni.se\" class=\"ArticleActions_contactLink__W2F1M\" rel=\"nofollow noopener\" target=\"_blank\">Kontakta redaktionen<\/a><\/p>\n","protected":false},"excerpt":{"rendered":"Thailand har sl\u00e4ppt 18 kambodjanska soldater som en del i det nya avtalet om vapenvila mellan l\u00e4nderna, rapporterar&hellip;\n","protected":false},"author":2,"featured_media":122222,"comment_status":"","ping_status":"","sticky":false,"template":"","format":"standard","meta":{"footnotes":""},"categories":[14],"tags":[12389,22,23,26,27,17,21,24,25,28,29,15,16,18,34,31,33,32,30,19,20,51,52,53,54],"class_list":{"0":"post-122221","1":"post","2":"type-post","3":"status-publish","4":"format-standard","5":"has-post-thumbnail","7":"category-varlden","8":"tag-drafter","9":"tag-breaking-news","10":"tag-breakingnews","11":"tag-featured-news","12":"tag-featurednews","13":"tag-headlines","14":"tag-huvudnyheter","15":"tag-latest-news","16":"tag-latestnews","17":"tag-main-news","18":"tag-mainnews","19":"tag-news","20":"tag-nyheter","21":"tag-rubriker","22":"tag-se","23":"tag-svenska","24":"tag-sverige","25":"tag-sweden","26":"tag-swedish","27":"tag-top-stories","28":"tag-topstories","29":"tag-varlden","30":"tag-world","31":"tag-world-news","32":"tag-worldnews"},"share_on_mastodon":{"url":"https:\/\/pubeurope.com\/@se\/115817821180930046","error":""},"_links":{"self":[{"href":"https:\/\/www.europesays.com\/se\/wp-json\/wp\/v2\/posts\/122221","targetHints":{"allow":["GET"]}}],"collection":[{"href":"https:\/\/www.europesays.com\/se\/wp-json\/wp\/v2\/posts"}],"about":[{"href":"https:\/\/www.europesays.com\/se\/wp-json\/wp\/v2\/types\/post"}],"author":[{"embeddable":true,"href":"https:\/\/www.europesays.com\/se\/wp-json\/wp\/v2\/users\/2"}],"replies":[{"embeddable":true,"href":"https:\/\/www.europesays.com\/se\/wp-json\/wp\/v2\/comments?post=122221"}],"version-history":[{"count":0,"href":"https:\/\/www.europesays.com\/se\/wp-json\/wp\/v2\/posts\/122221\/revisions"}],"wp:featuredmedia":[{"embeddable":true,"href":"https:\/\/www.europesays.com\/se\/wp-json\/wp\/v2\/media\/122222"}],"wp:attachment":[{"href":"https:\/\/www.europesays.com\/se\/wp-json\/wp\/v2\/media?parent=122221"}],"wp:term":[{"taxonomy":"category","embeddable":true,"href":"https:\/\/www.europesays.com\/se\/wp-json\/wp\/v2\/categories?post=122221"},{"taxonomy":"post_tag","embeddable":true,"href":"https:\/\/www.europesays.com\/se\/wp-json\/wp\/v2\/tags?post=122221"}],"curies":[{"name":"wp","href":"https:\/\/api.w.org\/{rel}","templated":true}]}}