{"id":122232,"date":"2026-01-01T04:43:35","date_gmt":"2026-01-01T04:43:35","guid":{"rendered":"https:\/\/www.europesays.com\/se\/122232\/"},"modified":"2026-01-01T04:43:35","modified_gmt":"2026-01-01T04:43:35","slug":"forenade-arabemiraten-lamnar-jemen","status":"publish","type":"post","link":"https:\/\/www.europesays.com\/se\/122232\/","title":{"rendered":"F\u00f6renade arabemiraten l\u00e4mnar Jemen"},"content":{"rendered":"<p class=\"boxtextgrotesk-root_baa6 hyperion-css-7pajle\">Publicerad 2025-12-30 16.18<\/p>\n<p>share-arrowDela<\/p>\n<p>unsaveSpara<\/p>\n<p>expand-left<\/p>\n<p>helsk\u00e4rm<img decoding=\"async\" class=\"image-asset hyperion-css-u06ts1\" data-test-tag=\"image-asset\" src=\"https:\/\/www.europesays.com\/se\/wp-content\/uploads\/2026\/01\/5c2a510c-3932-4f58-af8e-92170d559165.jpeg\"  alt=\"Saudisk statlig tv h\u00e4vdar att bilden visar en vapenleverans fr\u00e5n F\u00f6renade arabemiraten som l\u00e4gger till i den jemenitiska hamnstaden natten mot tisdag, svensk tid.\"  loading=\"eager\" fetchpriority=\"high\" style=\"aspect-ratio:1900 \/ 1317\"\/>Saudisk statlig tv h\u00e4vdar att bilden visar en vapenleverans fr\u00e5n F\u00f6renade arabemiraten som l\u00e4gger till i den jemenitiska hamnstaden natten mot tisdag, svensk tid. Foto: Saudist Stats-Tv\/AP\/TT<\/p>\n<p class=\"hyperion-css-1shl3oz\" data-test-tag=\"lead-text\">F\u00f6renade arabemiraten meddelar att de dra tillbaka sina styrkor fr\u00e5n Jemen.<\/p>\n<p class=\"hyperion-css-1shl3oz\" data-test-tag=\"lead-text\">Beskedet kommer sedan Saudiarabien bombat en vapenleverans till en lokal separatiststyrka.<\/p>\n<p class=\"hyperion-css-1v9qo5x\">\u201dF\u00f6rsvarsdepartementet meddelar h\u00e4r med att den kvarvarande antiterrorinsatsen i Jemen avslutas\u201d, heter det i uttalandet fr\u00e5n F\u00f6renade arabemiraten.<\/p>\n<p class=\"hyperion-css-1v9qo5x\">Natten mot tisdag bombade Saudiarabien m\u00e5l i den jemenitiska hamnstaden Mukalla. M\u00e5let uppges ha varit en vapenleverans, som enligt Saudiarabien skickats fr\u00e5n Abu Dhabi till en separatiststyrka i Jemen.<\/p>\n<p class=\"hyperion-css-1v9qo5x\">I samband med attacken l\u00e4mnade Riyadh ett ultimatum till F\u00f6renade arabemiraten: Ta hem era styrkor inom 24 timmar.<\/p>\n<p class=\"hyperion-css-1v9qo5x\">Separatisterna i fr\u00e5ga, STC, s\u00e4ger \u00e5 sin sida i ett uttalande p\u00e5 tisdagseftermiddagen att man inte kommer att dra sig tillbaka.<\/p>\n<p class=\"hyperion-css-1v9qo5x\">Till f\u00f6ljd av angreppet har det jemenitiska presidentr\u00e5det utlyst undantagstillst\u00e5nd i 90 dagar. Dessutom st\u00e4ngs gr\u00e4nspassager och inresor med flyg och via hamnar i vissa omr\u00e5den i tre dygn.<\/p>\n<p class=\"hyperion-css-1v9qo5x\">Samtidigt upph\u00e4vdes ett f\u00f6rsvarsavtal med F\u00f6renade arabemiraten.<\/p>\n<p class=\"hyperion-css-1v9qo5x\">Den jemenitiska regeringen, som erk\u00e4nns av det internationella samfundet som landets legitima styre, h\u00e5ller Saudiarabien som sin huvudsakliga allierade.<\/p>\n<p class=\"hyperion-css-1v9qo5x\">Inb\u00f6rdeskriget har rasat i Jemen i mer \u00e4n ett \u00e5rtionde.<\/p>\n","protected":false},"excerpt":{"rendered":"Publicerad 2025-12-30 16.18 share-arrowDela unsaveSpara expand-left helsk\u00e4rmSaudisk statlig tv h\u00e4vdar att bilden visar en vapenleverans fr\u00e5n F\u00f6renade arabemiraten&hellip;\n","protected":false},"author":2,"featured_media":122233,"comment_status":"","ping_status":"","sticky":false,"template":"","format":"standard","meta":{"footnotes":""},"categories":[5],"tags":[22,23,26,27,17,21,24,25,28,29,15,16,18,34,31,33,32,30,19,20],"class_list":{"0":"post-122232","1":"post","2":"type-post","3":"status-publish","4":"format-standard","5":"has-post-thumbnail","7":"category-rubriker","8":"tag-breaking-news","9":"tag-breakingnews","10":"tag-featured-news","11":"tag-featurednews","12":"tag-headlines","13":"tag-huvudnyheter","14":"tag-latest-news","15":"tag-latestnews","16":"tag-main-news","17":"tag-mainnews","18":"tag-news","19":"tag-nyheter","20":"tag-rubriker","21":"tag-se","22":"tag-svenska","23":"tag-sverige","24":"tag-sweden","25":"tag-swedish","26":"tag-top-stories","27":"tag-topstories"},"share_on_mastodon":{"url":"https:\/\/pubeurope.com\/@se\/115818017778358999","error":""},"_links":{"self":[{"href":"https:\/\/www.europesays.com\/se\/wp-json\/wp\/v2\/posts\/122232","targetHints":{"allow":["GET"]}}],"collection":[{"href":"https:\/\/www.europesays.com\/se\/wp-json\/wp\/v2\/posts"}],"about":[{"href":"https:\/\/www.europesays.com\/se\/wp-json\/wp\/v2\/types\/post"}],"author":[{"embeddable":true,"href":"https:\/\/www.europesays.com\/se\/wp-json\/wp\/v2\/users\/2"}],"replies":[{"embeddable":true,"href":"https:\/\/www.europesays.com\/se\/wp-json\/wp\/v2\/comments?post=122232"}],"version-history":[{"count":0,"href":"https:\/\/www.europesays.com\/se\/wp-json\/wp\/v2\/posts\/122232\/revisions"}],"wp:featuredmedia":[{"embeddable":true,"href":"https:\/\/www.europesays.com\/se\/wp-json\/wp\/v2\/media\/122233"}],"wp:attachment":[{"href":"https:\/\/www.europesays.com\/se\/wp-json\/wp\/v2\/media?parent=122232"}],"wp:term":[{"taxonomy":"category","embeddable":true,"href":"https:\/\/www.europesays.com\/se\/wp-json\/wp\/v2\/categories?post=122232"},{"taxonomy":"post_tag","embeddable":true,"href":"https:\/\/www.europesays.com\/se\/wp-json\/wp\/v2\/tags?post=122232"}],"curies":[{"name":"wp","href":"https:\/\/api.w.org\/{rel}","templated":true}]}}