{"id":122236,"date":"2026-01-01T05:14:08","date_gmt":"2026-01-01T05:14:08","guid":{"rendered":"https:\/\/www.europesays.com\/se\/122236\/"},"modified":"2026-01-01T05:14:08","modified_gmt":"2026-01-01T05:14:08","slug":"startskott-for-myndigheten-for-civilt-forsvar","status":"publish","type":"post","link":"https:\/\/www.europesays.com\/se\/122236\/","title":{"rendered":"Startskott f\u00f6r Myndigheten f\u00f6r civilt f\u00f6rsvar"},"content":{"rendered":"<p>&#13;<br \/>\nI dag, den 1 januari 2026, byter Myndigheten f\u00f6r samh\u00e4llsskydd och beredskap namn till Myndigheten f\u00f6r civilt f\u00f6rsvar.<\/p>\n<p>\u2013 Det nya namnet \u00e4r ett uttryck f\u00f6r den roll och det ansvar som myndigheten axlat inom Sveriges totalf\u00f6rsvar. Som det centrala navet i det civila f\u00f6rsvaret ska Myndigheten f\u00f6r civilt f\u00f6rsvar s\u00e4kerst\u00e4lla att samh\u00e4llet \u00e4r f\u00f6rberett f\u00f6r kris, h\u00f6jd beredskap och ytterst krig, s\u00e4ger minister f\u00f6r civilt f\u00f6rsvar Carl-Oskar Bohlin.<\/p>\n<p>\u2013 V\u00e5rt namn \u00e4r en f\u00f6ljd av det s\u00e4kerhetspolitiska l\u00e4get i v\u00e5r omv\u00e4rld. Det civila f\u00f6rsvaret beh\u00f6ver st\u00e4rkas skyndsamt, effektivt och samordnat och mot den bakgrunden har regeringen utsett oss till den ledande myndigheten f\u00f6r civilt f\u00f6rsvar, s\u00e4ger Mikael Frisell, generaldirekt\u00f6r f\u00f6r Myndigheten f\u00f6r civilt f\u00f6rsvar.<\/p>\n<p>Det var i september 2025 som regeringen \u00f6verl\u00e4mnade en proposition till riksdagen med f\u00f6rslag om namnbytet. Riksdagen r\u00f6stade ja till f\u00f6rslaget den 5 november och nu tr\u00e4der \u00e4ndringarna i kraft.<\/p>\n","protected":false},"excerpt":{"rendered":"&#13; I dag, den 1 januari 2026, byter Myndigheten f\u00f6r samh\u00e4llsskydd och beredskap namn till Myndigheten f\u00f6r civilt&hellip;\n","protected":false},"author":2,"featured_media":67452,"comment_status":"","ping_status":"","sticky":false,"template":"","format":"standard","meta":{"footnotes":""},"categories":[12],"tags":[22,23,26,27,17,21,24,25,28,29,15,16,18,34,31,33,32,30,19,20],"class_list":{"0":"post-122236","1":"post","2":"type-post","3":"status-publish","4":"format-standard","5":"has-post-thumbnail","7":"category-sverige","8":"tag-breaking-news","9":"tag-breakingnews","10":"tag-featured-news","11":"tag-featurednews","12":"tag-headlines","13":"tag-huvudnyheter","14":"tag-latest-news","15":"tag-latestnews","16":"tag-main-news","17":"tag-mainnews","18":"tag-news","19":"tag-nyheter","20":"tag-rubriker","21":"tag-se","22":"tag-svenska","23":"tag-sverige","24":"tag-sweden","25":"tag-swedish","26":"tag-top-stories","27":"tag-topstories"},"share_on_mastodon":{"url":"https:\/\/pubeurope.com\/@se\/115818139656114120","error":""},"_links":{"self":[{"href":"https:\/\/www.europesays.com\/se\/wp-json\/wp\/v2\/posts\/122236","targetHints":{"allow":["GET"]}}],"collection":[{"href":"https:\/\/www.europesays.com\/se\/wp-json\/wp\/v2\/posts"}],"about":[{"href":"https:\/\/www.europesays.com\/se\/wp-json\/wp\/v2\/types\/post"}],"author":[{"embeddable":true,"href":"https:\/\/www.europesays.com\/se\/wp-json\/wp\/v2\/users\/2"}],"replies":[{"embeddable":true,"href":"https:\/\/www.europesays.com\/se\/wp-json\/wp\/v2\/comments?post=122236"}],"version-history":[{"count":0,"href":"https:\/\/www.europesays.com\/se\/wp-json\/wp\/v2\/posts\/122236\/revisions"}],"wp:featuredmedia":[{"embeddable":true,"href":"https:\/\/www.europesays.com\/se\/wp-json\/wp\/v2\/media\/67452"}],"wp:attachment":[{"href":"https:\/\/www.europesays.com\/se\/wp-json\/wp\/v2\/media?parent=122236"}],"wp:term":[{"taxonomy":"category","embeddable":true,"href":"https:\/\/www.europesays.com\/se\/wp-json\/wp\/v2\/categories?post=122236"},{"taxonomy":"post_tag","embeddable":true,"href":"https:\/\/www.europesays.com\/se\/wp-json\/wp\/v2\/tags?post=122236"}],"curies":[{"name":"wp","href":"https:\/\/api.w.org\/{rel}","templated":true}]}}