{"id":122239,"date":"2026-01-01T05:17:12","date_gmt":"2026-01-01T05:17:12","guid":{"rendered":"https:\/\/www.europesays.com\/se\/122239\/"},"modified":"2026-01-01T05:17:12","modified_gmt":"2026-01-01T05:17:12","slug":"frolundas-christian-folin-borta-i-sex-veckor-brot-armen-mot-farjestad","status":"publish","type":"post","link":"https:\/\/www.europesays.com\/se\/122239\/","title":{"rendered":"Fr\u00f6lundas Christian Folin borta i sex veckor \u2013 br\u00f6t armen mot F\u00e4rjestad"},"content":{"rendered":"<p>Tabellettan Fr\u00f6lunda HC har drabbats av ett avbr\u00e4ck, rapporterar GP. Stj\u00e4rnbacken Christian Folin har brutit armen och blir borta fr\u00e5n spel i cirka sex veckor.<\/p>\n<p>\u2013 Han kommer att vara tillbaka efter OS. Han f\u00e5r vara med p\u00e5 den roliga tiden p\u00e5 \u00e5ret och hinner komma tillbaka i form och det \u00e4r viktigt, s\u00e4ger Fr\u00f6lundas coach Robert Ohlsson.<\/p>\n<p>Folin tvingades l\u00e4mna tisdagens match mot F\u00e4rjestad redan efter f\u00f6rsta perioden efter att ha tr\u00e4ffats p\u00e5 underarmen av ett skott fr\u00e5n Magnus Nygren i slutsekunderna. Han \u00e5kte direkt till sjukhus d\u00e4r det konstaterades att han f\u00e5tt en fraktur.<\/p>\n<p>Omni \u00e4r politiskt obundna och oberoende. Vi str\u00e4var efter att ge fler perspektiv p\u00e5 nyheterna. Har du fr\u00e5gor eller synpunkter kring v\u00e5r rapportering? <a href=\"https:\/\/omni.se\/frolundas-christian-folin-borta-i-sex-veckor-brot-armen-mot-farjestad\/a\/mailto:redaktion@omni.se\" class=\"ArticleActions_contactLink__W2F1M\" rel=\"nofollow noopener\" target=\"_blank\">Kontakta redaktionen<\/a><\/p>\n","protected":false},"excerpt":{"rendered":"Tabellettan Fr\u00f6lunda HC har drabbats av ett avbr\u00e4ck, rapporterar GP. Stj\u00e4rnbacken Christian Folin har brutit armen och blir&hellip;\n","protected":false},"author":2,"featured_media":122240,"comment_status":"","ping_status":"","sticky":false,"template":"","format":"standard","meta":{"footnotes":""},"categories":[68],"tags":[5188,4736,3987,1472,12908,5187,34,111,110,31,33,32,30],"class_list":{"0":"post-122239","1":"post","2":"type-post","3":"status-publish","4":"format-standard","5":"has-post-thumbnail","7":"category-sport","8":"tag-christian-folin","9":"tag-farjestad-bk","10":"tag-frolunda-hc","11":"tag-ishockey","12":"tag-magnus-nygren","13":"tag-robert-ohlsson","14":"tag-se","15":"tag-sport","16":"tag-sports","17":"tag-svenska","18":"tag-sverige","19":"tag-sweden","20":"tag-swedish"},"share_on_mastodon":{"url":"https:\/\/pubeurope.com\/@se\/115818151487669237","error":""},"_links":{"self":[{"href":"https:\/\/www.europesays.com\/se\/wp-json\/wp\/v2\/posts\/122239","targetHints":{"allow":["GET"]}}],"collection":[{"href":"https:\/\/www.europesays.com\/se\/wp-json\/wp\/v2\/posts"}],"about":[{"href":"https:\/\/www.europesays.com\/se\/wp-json\/wp\/v2\/types\/post"}],"author":[{"embeddable":true,"href":"https:\/\/www.europesays.com\/se\/wp-json\/wp\/v2\/users\/2"}],"replies":[{"embeddable":true,"href":"https:\/\/www.europesays.com\/se\/wp-json\/wp\/v2\/comments?post=122239"}],"version-history":[{"count":0,"href":"https:\/\/www.europesays.com\/se\/wp-json\/wp\/v2\/posts\/122239\/revisions"}],"wp:featuredmedia":[{"embeddable":true,"href":"https:\/\/www.europesays.com\/se\/wp-json\/wp\/v2\/media\/122240"}],"wp:attachment":[{"href":"https:\/\/www.europesays.com\/se\/wp-json\/wp\/v2\/media?parent=122239"}],"wp:term":[{"taxonomy":"category","embeddable":true,"href":"https:\/\/www.europesays.com\/se\/wp-json\/wp\/v2\/categories?post=122239"},{"taxonomy":"post_tag","embeddable":true,"href":"https:\/\/www.europesays.com\/se\/wp-json\/wp\/v2\/tags?post=122239"}],"curies":[{"name":"wp","href":"https:\/\/api.w.org\/{rel}","templated":true}]}}