{"id":122247,"date":"2026-01-01T05:22:12","date_gmt":"2026-01-01T05:22:12","guid":{"rendered":"https:\/\/www.europesays.com\/se\/122247\/"},"modified":"2026-01-01T05:22:12","modified_gmt":"2026-01-01T05:22:12","slug":"fick-fyrverkeripjas-i-ansiktet-allvarligt-skadad-vasterbottens-kuriren","status":"publish","type":"post","link":"https:\/\/www.europesays.com\/se\/122247\/","title":{"rendered":"Fick fyrverkeripj\u00e4s i ansiktet \u2013 allvarligt skadad &#8211; V\u00e4sterbottens-Kuriren"},"content":{"rendered":"<ol>\n<li><a href=\"https:\/\/news.google.com\/rss\/articles\/CBMiiwFBVV95cUxOSUJTVFBobXRpWWdWLVlldFhBek4zTDR4cm9zNmtRTzNvYlNaNXRDNWtIcVZycDRRSnBJYTY4Q0dtLWRvT0prWWl1aGVJR2Z3eU9YcXZyRDBtQWpqTWhBRm1MTDhVQXBOV1djRzFacmtBdGItSDBRQmpWajlfeGNLUzNxMXRKY18wV3ZB?oc=5\" target=\"_blank\" rel=\"nofollow noopener\">Fick fyrverkeripj\u00e4s i ansiktet \u2013 allvarligt skadad<\/a>&nbsp;&nbsp;V\u00e4sterbottens-Kuriren<\/li>\n<li><a href=\"https:\/\/news.google.com\/rss\/articles\/CBMib0FVX3lxTFBtQnRuRTcxQ2tDc3dCcmlHbzN0TXdZSFVlZXVfYmFDRlVKdXpPSV9DUXNiUElJYXcyaERUT3JYRmFXX1BFOWs5dUw4QnVmeGcxTEZuM1hrZW1pRDJhTXBmRHlEbHRpSWlocW9wYUpNRQ?oc=5\" target=\"_blank\" rel=\"nofollow noopener\">Fyrverkeriskador och mordf\u00f6rs\u00f6k \u2013 s\u00e5 \u00e4r ny\u00e5rskv\u00e4llen<\/a>&nbsp;&nbsp;Aftonbladet<\/li>\n<li><a href=\"https:\/\/news.google.com\/rss\/articles\/CBMinAFBVV95cUxQSTByMkY4QXVLSkczNExzbDRGY1pRTC01M19YWnZyN2RxTm84MVJXQ0l0WlR1bEF6Tm5nUnNaNmk1cVdDMGxrd3ZzX2F0Q3l5dUpMRFdlcFp4T0IyUXpmNXJWZERYUkVKZ2R2alJ0aXZnWXgzb0oySDh4dGJvNlY2aG5NMkJ6UWRkUTN2QzI2WlZ6dXVKVnhzN0RYY04?oc=5\" target=\"_blank\" rel=\"nofollow noopener\">Fyrverkeri exploderade i l\u00e4genhet \u2013 en person till sjukhus<\/a>&nbsp;&nbsp;SVT Nyheter<\/li>\n<li><a href=\"https:\/\/news.google.com\/rss\/articles\/CBMigAFBVV95cUxORVk3LWN0ME9pZkp0WHp0eTdXUTRrVnJNSlItOVUxcmtJZTFORDFMNVNpdGFhQWpaMkZvUVpYcksxSGFVak5hMFY4bDJHZFVDNkEtYzU2NTBiYkFiQVQtNVZESC1LNHRLcXV6RjlDZEthZGhRMDJxc1pKb2JOYlMtUg?oc=5\" target=\"_blank\" rel=\"nofollow noopener\">JUST NU: Stora st\u00f6ket p\u00e5 ny\u00e5r<\/a>&nbsp;&nbsp;Expressen<\/li>\n<li><a href=\"https:\/\/news.google.com\/rss\/articles\/CBMifEFVX3lxTFBFSHhRVWM1LUNVOHNfV2RyaHNrUUVMWGZYZ0V2LVQtM1dFRFVRR0VWMTVsMWhLclhxc3Y5VzhjS19EWW5hSFZ3VFdYMjRKc1RHUl9sTmV2ZVdSbXg2VHNyTk1aNTlEZ3NHMTJCWUl4ZnpZX1pnV2ZkQ2Q2OEo?oc=5\" target=\"_blank\" rel=\"nofollow noopener\">Tv\u00e5 m\u00e4n skadade av fyrverkeripj\u00e4ser<\/a>&nbsp;&nbsp;Sveriges Radio<\/li>\n<\/ol>\n","protected":false},"excerpt":{"rendered":"Fick fyrverkeripj\u00e4s i ansiktet \u2013 allvarligt skadad&nbsp;&nbsp;V\u00e4sterbottens-Kuriren Fyrverkeriskador och mordf\u00f6rs\u00f6k \u2013 s\u00e5 \u00e4r ny\u00e5rskv\u00e4llen&nbsp;&nbsp;Aftonbladet Fyrverkeri exploderade i l\u00e4genhet&hellip;\n","protected":false},"author":2,"featured_media":122248,"comment_status":"","ping_status":"","sticky":false,"template":"","format":"standard","meta":{"footnotes":""},"categories":[12],"tags":[22,23,26,27,17,21,24,25,28,29,15,16,18,34,31,33,32,30,19,20],"class_list":{"0":"post-122247","1":"post","2":"type-post","3":"status-publish","4":"format-standard","5":"has-post-thumbnail","7":"category-sverige","8":"tag-breaking-news","9":"tag-breakingnews","10":"tag-featured-news","11":"tag-featurednews","12":"tag-headlines","13":"tag-huvudnyheter","14":"tag-latest-news","15":"tag-latestnews","16":"tag-main-news","17":"tag-mainnews","18":"tag-news","19":"tag-nyheter","20":"tag-rubriker","21":"tag-se","22":"tag-svenska","23":"tag-sverige","24":"tag-sweden","25":"tag-swedish","26":"tag-top-stories","27":"tag-topstories"},"share_on_mastodon":{"url":"https:\/\/pubeurope.com\/@se\/115818171091804475","error":""},"_links":{"self":[{"href":"https:\/\/www.europesays.com\/se\/wp-json\/wp\/v2\/posts\/122247","targetHints":{"allow":["GET"]}}],"collection":[{"href":"https:\/\/www.europesays.com\/se\/wp-json\/wp\/v2\/posts"}],"about":[{"href":"https:\/\/www.europesays.com\/se\/wp-json\/wp\/v2\/types\/post"}],"author":[{"embeddable":true,"href":"https:\/\/www.europesays.com\/se\/wp-json\/wp\/v2\/users\/2"}],"replies":[{"embeddable":true,"href":"https:\/\/www.europesays.com\/se\/wp-json\/wp\/v2\/comments?post=122247"}],"version-history":[{"count":0,"href":"https:\/\/www.europesays.com\/se\/wp-json\/wp\/v2\/posts\/122247\/revisions"}],"wp:featuredmedia":[{"embeddable":true,"href":"https:\/\/www.europesays.com\/se\/wp-json\/wp\/v2\/media\/122248"}],"wp:attachment":[{"href":"https:\/\/www.europesays.com\/se\/wp-json\/wp\/v2\/media?parent=122247"}],"wp:term":[{"taxonomy":"category","embeddable":true,"href":"https:\/\/www.europesays.com\/se\/wp-json\/wp\/v2\/categories?post=122247"},{"taxonomy":"post_tag","embeddable":true,"href":"https:\/\/www.europesays.com\/se\/wp-json\/wp\/v2\/tags?post=122247"}],"curies":[{"name":"wp","href":"https:\/\/api.w.org\/{rel}","templated":true}]}}