{"id":122251,"date":"2026-01-01T05:25:13","date_gmt":"2026-01-01T05:25:13","guid":{"rendered":"https:\/\/www.europesays.com\/se\/122251\/"},"modified":"2026-01-01T05:25:13","modified_gmt":"2026-01-01T05:25:13","slug":"edvin-anger-rasade-i-tour-de-ski","status":"publish","type":"post","link":"https:\/\/www.europesays.com\/se\/122251\/","title":{"rendered":"Edvin Anger rasade i Tour de Ski"},"content":{"rendered":"<p>Anger ligger nu 1,22 minuter efter Johannes H\u00f8sflot Kl\u00e6bo, som leder med 45 sekunder. Han har tagit ett gott grepp om en ny Tour-seger, \u00e4ven om hans heat gick ganska l\u00e5ngsamt p\u00e5 ny\u00e5rsaftonen. VM-kungen fr\u00e5n Trondheim slutade f\u00f6rst p\u00e5 en 12:e plats.<\/p>\n<p>Han jagas nu n\u00e4rmast av juniorv\u00e4rldsm\u00e4staren Lars Heggen, som \u00f6verraskande var p\u00e5 pallen igen.<br \/>Amerikanen Gus Schumacher och \u00f6sterrikaren Benjamin Moser var f\u00f6re Heggen i samma heat, men alla tre hamnade p\u00e5 pallen.<br \/>F\u00f6r Schumacher var det andra v\u00e4rldscupsegern efter att han vann p\u00e5 hemmaplan i Minneapolis senast. Moser \u00f6verraskar stort och ligger fyra i totalen.<\/p>\n<p>Minst d\u00e5liga svenska \u00e5kare var Jonas Eriksson, men helt nere p\u00e5 en 28:e plats, slagen med 10,7 sekunde. Gustaf Berglund gick i backen, men avslutade bra och \u00e5kte upp sig till en 30:e plats. Det blev ju inga stora differanser p\u00e5 bara 5 km.<\/p>\n<p>Anger? Han slutade 78:a, 32 sekunder efter Schumacher.<br \/>William Poromaa och Alvar Myhlback rosade heller inte marknaden. Var 47:a respektive 45:a. N\u00e4st b\u00e4ste svensk i totalen \u00e4r Truls Gisselman p\u00e5 en 20:e plats, precis f\u00f6re Gustaf Berglund.<\/p>\n","protected":false},"excerpt":{"rendered":"Anger ligger nu 1,22 minuter efter Johannes H\u00f8sflot Kl\u00e6bo, som leder med 45 sekunder. Han har tagit ett&hellip;\n","protected":false},"author":2,"featured_media":122252,"comment_status":"","ping_status":"","sticky":false,"template":"","format":"standard","meta":{"footnotes":""},"categories":[68],"tags":[9495,34,111,110,31,12911,33,32,30,12713],"class_list":{"0":"post-122251","1":"post","2":"type-post","3":"status-publish","4":"format-standard","5":"has-post-thumbnail","7":"category-sport","8":"tag-edvin-anger","9":"tag-se","10":"tag-sport","11":"tag-sports","12":"tag-svenska","13":"tag-svenskarna-langt-bak","14":"tag-sverige","15":"tag-sweden","16":"tag-swedish","17":"tag-tour-de-ski"},"share_on_mastodon":{"url":"https:\/\/pubeurope.com\/@se\/115818182942388844","error":""},"_links":{"self":[{"href":"https:\/\/www.europesays.com\/se\/wp-json\/wp\/v2\/posts\/122251","targetHints":{"allow":["GET"]}}],"collection":[{"href":"https:\/\/www.europesays.com\/se\/wp-json\/wp\/v2\/posts"}],"about":[{"href":"https:\/\/www.europesays.com\/se\/wp-json\/wp\/v2\/types\/post"}],"author":[{"embeddable":true,"href":"https:\/\/www.europesays.com\/se\/wp-json\/wp\/v2\/users\/2"}],"replies":[{"embeddable":true,"href":"https:\/\/www.europesays.com\/se\/wp-json\/wp\/v2\/comments?post=122251"}],"version-history":[{"count":0,"href":"https:\/\/www.europesays.com\/se\/wp-json\/wp\/v2\/posts\/122251\/revisions"}],"wp:featuredmedia":[{"embeddable":true,"href":"https:\/\/www.europesays.com\/se\/wp-json\/wp\/v2\/media\/122252"}],"wp:attachment":[{"href":"https:\/\/www.europesays.com\/se\/wp-json\/wp\/v2\/media?parent=122251"}],"wp:term":[{"taxonomy":"category","embeddable":true,"href":"https:\/\/www.europesays.com\/se\/wp-json\/wp\/v2\/categories?post=122251"},{"taxonomy":"post_tag","embeddable":true,"href":"https:\/\/www.europesays.com\/se\/wp-json\/wp\/v2\/tags?post=122251"}],"curies":[{"name":"wp","href":"https:\/\/api.w.org\/{rel}","templated":true}]}}