{"id":122257,"date":"2026-01-01T05:29:12","date_gmt":"2026-01-01T05:29:12","guid":{"rendered":"https:\/\/www.europesays.com\/se\/122257\/"},"modified":"2026-01-01T05:29:12","modified_gmt":"2026-01-01T05:29:12","slug":"nio-timmars-ko-for-maffiga-varldsrekordforsok-i-dubai","status":"publish","type":"post","link":"https:\/\/www.europesays.com\/se\/122257\/","title":{"rendered":"Nio timmars k\u00f6 f\u00f6r maffiga v\u00e4rldsrekordf\u00f6rs\u00f6k i Dubai"},"content":{"rendered":"<p>Det slogs p\u00e5 stora trumman n\u00e4r Dubai i F\u00f6renade Arabemiraten firade in det nya \u00e5ret. Enligt AFP k\u00f6ade m\u00e4nniskor i upp till nio timmar f\u00f6r att ta del av en spektakul\u00e4r fyrverkeri- och lasershow vid v\u00e4rldens h\u00f6gsta byggnad: Burj Khalifa.<\/p>\n<p>Enligt Sky News hade arrang\u00f6ren siktet inst\u00e4llt p\u00e5 inte mindre \u00e4n fem nya v\u00e4rldsrekord, bland annat den st\u00f6rsta luftburna fyrverkeripj\u00e4sen n\u00e5gonsin. <\/p>\n<p>Hur m\u00e5nga nya v\u00e4rldsrekord som sattes \u00e4r i skrivande stund oklart. <\/p>\n<p>Omni \u00e4r politiskt obundna och oberoende. Vi str\u00e4var efter att ge fler perspektiv p\u00e5 nyheterna. Har du fr\u00e5gor eller synpunkter kring v\u00e5r rapportering? <a href=\"https:\/\/omni.se\/nio-timmars-ko-for-maffiga-varldsrekordforsok-i-dubai\/a\/mailto:redaktion@omni.se\" class=\"ArticleActions_contactLink__W2F1M\" rel=\"nofollow noopener\" target=\"_blank\">Kontakta redaktionen<\/a><\/p>\n","protected":false},"excerpt":{"rendered":"Det slogs p\u00e5 stora trumman n\u00e4r Dubai i F\u00f6renade Arabemiraten firade in det nya \u00e5ret. Enligt AFP k\u00f6ade&hellip;\n","protected":false},"author":2,"featured_media":122258,"comment_status":"","ping_status":"","sticky":false,"template":"","format":"standard","meta":{"footnotes":""},"categories":[14],"tags":[420,22,23,26,27,3244,17,21,24,25,28,29,15,16,18,34,31,33,32,30,19,20,51,52,53,54],"class_list":{"0":"post-122257","1":"post","2":"type-post","3":"status-publish","4":"format-standard","5":"has-post-thumbnail","7":"category-varlden","8":"tag-asien","9":"tag-breaking-news","10":"tag-breakingnews","11":"tag-featured-news","12":"tag-featurednews","13":"tag-forenade-arabemiraten","14":"tag-headlines","15":"tag-huvudnyheter","16":"tag-latest-news","17":"tag-latestnews","18":"tag-main-news","19":"tag-mainnews","20":"tag-news","21":"tag-nyheter","22":"tag-rubriker","23":"tag-se","24":"tag-svenska","25":"tag-sverige","26":"tag-sweden","27":"tag-swedish","28":"tag-top-stories","29":"tag-topstories","30":"tag-varlden","31":"tag-world","32":"tag-world-news","33":"tag-worldnews"},"share_on_mastodon":{"url":"https:\/\/pubeurope.com\/@se\/115818198664326119","error":""},"_links":{"self":[{"href":"https:\/\/www.europesays.com\/se\/wp-json\/wp\/v2\/posts\/122257","targetHints":{"allow":["GET"]}}],"collection":[{"href":"https:\/\/www.europesays.com\/se\/wp-json\/wp\/v2\/posts"}],"about":[{"href":"https:\/\/www.europesays.com\/se\/wp-json\/wp\/v2\/types\/post"}],"author":[{"embeddable":true,"href":"https:\/\/www.europesays.com\/se\/wp-json\/wp\/v2\/users\/2"}],"replies":[{"embeddable":true,"href":"https:\/\/www.europesays.com\/se\/wp-json\/wp\/v2\/comments?post=122257"}],"version-history":[{"count":0,"href":"https:\/\/www.europesays.com\/se\/wp-json\/wp\/v2\/posts\/122257\/revisions"}],"wp:featuredmedia":[{"embeddable":true,"href":"https:\/\/www.europesays.com\/se\/wp-json\/wp\/v2\/media\/122258"}],"wp:attachment":[{"href":"https:\/\/www.europesays.com\/se\/wp-json\/wp\/v2\/media?parent=122257"}],"wp:term":[{"taxonomy":"category","embeddable":true,"href":"https:\/\/www.europesays.com\/se\/wp-json\/wp\/v2\/categories?post=122257"},{"taxonomy":"post_tag","embeddable":true,"href":"https:\/\/www.europesays.com\/se\/wp-json\/wp\/v2\/tags?post=122257"}],"curies":[{"name":"wp","href":"https:\/\/api.w.org\/{rel}","templated":true}]}}