{"id":122259,"date":"2026-01-01T05:30:12","date_gmt":"2026-01-01T05:30:12","guid":{"rendered":"https:\/\/www.europesays.com\/se\/122259\/"},"modified":"2026-01-01T05:30:12","modified_gmt":"2026-01-01T05:30:12","slug":"man-svart-knivhuggen-i-sodra-stockholm","status":"publish","type":"post","link":"https:\/\/www.europesays.com\/se\/122259\/","title":{"rendered":"Man sv\u00e5rt knivhuggen i s\u00f6dra Stockholm"},"content":{"rendered":"<p class=\"boxtextgrotesk-root_baa6 hyperion-css-7pajle\">Publicerad 2025-12-31 19.25<\/p>\n<p>share-arrowDela<\/p>\n<p>unsaveSpara<\/p>\n<p>expand-left<\/p>\n<p>helsk\u00e4rm<img decoding=\"async\" class=\"image-asset hyperion-css-u06ts1\" data-test-tag=\"image-asset\" src=\"https:\/\/www.europesays.com\/se\/wp-content\/uploads\/2026\/01\/6723c132-f26f-4e26-a72a-2062ecc01449.jpeg\"  alt=\"Polisen utreder h\u00e4ndelsen som mordf\u00f6rs\u00f6k. Arkivbild.\"  loading=\"eager\" fetchpriority=\"high\" style=\"aspect-ratio:1900 \/ 1236\"\/>Polisen utreder h\u00e4ndelsen som mordf\u00f6rs\u00f6k. Arkivbild. Foto: Johan Nilsson \/ TT<\/p>\n<p class=\"hyperion-css-1shl3oz\" data-test-tag=\"lead-text\">En man i 40-\u00e5rs\u00e5ldern har gripits misst\u00e4nkt f\u00f6r att ha knivhuggit en annan man p\u00e5 ett hotellhem i Farsta i s\u00f6dra Stockholm, enligt polisen.<\/p>\n<p class=\"hyperion-css-1v9qo5x\">\u2013 M\u00e5ls\u00e4garen \u00e4r betydligt \u00e4ldre och har knivhuggits flera g\u00e5nger. Han har f\u00f6rts till sjukhus med allvarliga skador, s\u00e4ger polisens presstalesperson Ola \u00d6sterling.<\/p>\n<p class=\"hyperion-css-1v9qo5x\">Polisen utreder h\u00e4ndelsen som mordf\u00f6rs\u00f6k. Brottsplatsen har sp\u00e4rrats av f\u00f6r teknisk unders\u00f6kning.<\/p>\n<p class=\"hyperion-css-1v9qo5x\">Larmet inkom vid 18.41 p\u00e5 ny\u00e5rsafton.<\/p>\n","protected":false},"excerpt":{"rendered":"Publicerad 2025-12-31 19.25 share-arrowDela unsaveSpara expand-left helsk\u00e4rmPolisen utreder h\u00e4ndelsen som mordf\u00f6rs\u00f6k. Arkivbild. Foto: Johan Nilsson \/ TT En&hellip;\n","protected":false},"author":2,"featured_media":122260,"comment_status":"","ping_status":"","sticky":false,"template":"","format":"standard","meta":{"footnotes":""},"categories":[12],"tags":[22,23,26,27,17,21,24,25,28,29,15,16,18,34,31,33,32,30,19,20],"class_list":{"0":"post-122259","1":"post","2":"type-post","3":"status-publish","4":"format-standard","5":"has-post-thumbnail","7":"category-sverige","8":"tag-breaking-news","9":"tag-breakingnews","10":"tag-featured-news","11":"tag-featurednews","12":"tag-headlines","13":"tag-huvudnyheter","14":"tag-latest-news","15":"tag-latestnews","16":"tag-main-news","17":"tag-mainnews","18":"tag-news","19":"tag-nyheter","20":"tag-rubriker","21":"tag-se","22":"tag-svenska","23":"tag-sverige","24":"tag-sweden","25":"tag-swedish","26":"tag-top-stories","27":"tag-topstories"},"share_on_mastodon":{"url":"https:\/\/pubeurope.com\/@se\/115818202587086285","error":""},"_links":{"self":[{"href":"https:\/\/www.europesays.com\/se\/wp-json\/wp\/v2\/posts\/122259","targetHints":{"allow":["GET"]}}],"collection":[{"href":"https:\/\/www.europesays.com\/se\/wp-json\/wp\/v2\/posts"}],"about":[{"href":"https:\/\/www.europesays.com\/se\/wp-json\/wp\/v2\/types\/post"}],"author":[{"embeddable":true,"href":"https:\/\/www.europesays.com\/se\/wp-json\/wp\/v2\/users\/2"}],"replies":[{"embeddable":true,"href":"https:\/\/www.europesays.com\/se\/wp-json\/wp\/v2\/comments?post=122259"}],"version-history":[{"count":0,"href":"https:\/\/www.europesays.com\/se\/wp-json\/wp\/v2\/posts\/122259\/revisions"}],"wp:featuredmedia":[{"embeddable":true,"href":"https:\/\/www.europesays.com\/se\/wp-json\/wp\/v2\/media\/122260"}],"wp:attachment":[{"href":"https:\/\/www.europesays.com\/se\/wp-json\/wp\/v2\/media?parent=122259"}],"wp:term":[{"taxonomy":"category","embeddable":true,"href":"https:\/\/www.europesays.com\/se\/wp-json\/wp\/v2\/categories?post=122259"},{"taxonomy":"post_tag","embeddable":true,"href":"https:\/\/www.europesays.com\/se\/wp-json\/wp\/v2\/tags?post=122259"}],"curies":[{"name":"wp","href":"https:\/\/api.w.org\/{rel}","templated":true}]}}