{"id":12226,"date":"2025-08-24T06:00:21","date_gmt":"2025-08-24T06:00:21","guid":{"rendered":"https:\/\/www.europesays.com\/se\/12226\/"},"modified":"2025-08-24T06:00:21","modified_gmt":"2025-08-24T06:00:21","slug":"borde-vi-sprangt-kyrkan-i-kiruna","status":"publish","type":"post","link":"https:\/\/www.europesays.com\/se\/12226\/","title":{"rendered":"Borde vi spr\u00e4ngt kyrkan i Kiruna"},"content":{"rendered":"<p>Victor Malm<\/p>\n<p>Publicerad 24 aug 2025 kl 06.00<\/p>\n<p>Flytten av Kiruna kyrka \u00e4r inte bara en hoppfull h\u00e4ndelse.\u00a0<\/p>\n<p>Victor Malm ser ett land som hellre rullar det f\u00f6rflutna p\u00e5 lastbil \u00e4n bygger framtid.<\/p>\n<p><img   alt=\"\"\/><\/p>\n<p>I veckan f\u00e5ngade den unika flytten av Kiruna kyrka landets uppm\u00e4rksamhet.<\/p>\n<p>Foto: JENS CHRISTIAN<\/p>\n<p>\u00d6ppna bild i helsk\u00e4rm<img   alt=\"\"\/>Victor Malm<\/p>\n<p><strong>KULTURKR\u00d6NIKA. <\/strong>Sverige \u00e4r gammalt.<\/p>\n<p>K\u00e4nslan slog mig n\u00e4r jag <a href=\"https:\/\/www.expressen.se\/nyheter\/sverige\/kan-bli-vanligare-med-vattenbrist-krav-pa-investeringar\/\" rel=\"nofollow noopener\" target=\"_blank\">i denna tidning<\/a> l\u00e4ste om en av orsakerna till att Stockholms grundvattenniv\u00e5er \u00e4r s\u00e5 d\u00e5liga att jag borde ta min dagliga dusch i M\u00e4laren. \u00c5rligen saknar den \u00e5ldrande avloppsinfrastrukturen investeringar i tiomiljardersklassen, vilket varje \u00e5r g\u00f6r den \u00e4nnu \u00e4ldre och \u00e4nnu s\u00e4mre.\u00a0<\/p>\n<p>Samma sak med t\u00e5gen och v\u00e4garna och eln\u00e4tet. Gammalt alltihop. S\u00e4mre varje \u00e5r. Alla vet det.\u00a0<\/p>\n<p>Kanske \u00e4r det d\u00e4rf\u00f6r som <strong>Ezra Kleins <\/strong>och <strong>Derek Thompsons <\/strong>gr\u00e5a policybok \u201dAbundance\u201d \u2013 som jag skrev om p\u00e5 dessa sidor i maj \u2013 har f\u00e5tt s\u00e5dant genomslag i Sverige. Sedan decennier har politiken handlar om vem som minst mediokert f\u00f6rvaltar ett redan f\u00e4rdigbyggt samh\u00e4lle, varf\u00f6r de amerikanska journalisternas f\u00f6rslag \u2013 l\u00e5t oss bli samh\u00e4llsbyggare igen! \u2013 har framst\u00e5tt som inspirerande och radikalt. \u00a0Ja, lite sk\u00e4mmigt \u00e4r det.\u00a0<\/p>\n<p>I ljuset av denna k\u00e4nsla av samh\u00e4llelig geriatrik blir dock veckans stora kulturh\u00e4ndelse, SVT:s lives\u00e4nda flytt av Kiruna kyrka, intressant. Min barnsliga tanke var n\u00e4mligen att de borde spr\u00e4ngt skiten i st\u00e4llet.\u00a0<\/p>\n<p>Jag menar det inte bokstavligen.<\/p>\n<blockquote><p>Man bevarade traditionen genom att l\u00e5ta den forts\u00e4tta.<\/p><\/blockquote>\n<p><strong>Gustaf Wickmans <\/strong>r\u00f6da tr\u00e4kyrka \u2013 lite k\u00e5ta, lite stavkyrka \u2013 \u00e4r magnifik. <strong>Prins Eugens<\/strong> altartavla, en m\u00e5lning av en dunge tr\u00e4d i Guds ljus, likas\u00e5. Sedan 1912 har den samlat Kirunas sj\u00e4lar och gett generationer en m\u00f6tes- och samlingspunkt, ett rum som best\u00e5r av tid lagrad i tid, ett minne levande. Den b\u00f6r bevaras, p\u00e5 n\u00e5got s\u00e4tt. Men n\u00e4r jag satt framf\u00f6r datorn och stirrade p\u00e5 kyrkans v\u00e4g mot sitt nya hem b\u00f6rjade jag undra om den varsamma flytten inte snarast var ett uttryck f\u00f6r besv\u00e4rande nostalgi.<\/p>\n<p>En annan orsak till att Sverige k\u00e4nns gammalt \u00e4r ju att det s\u00e5 s\u00e4llan kommer n\u00e5got nytt av v\u00e4rde. Fr\u00e5n Wickmans tid, via <strong>Gunnar Asplunds <\/strong>kapell p\u00e5 Skogskyrkog\u00e5rden fram till <strong>Sigurd Lewerentz <\/strong>brutalistiska m\u00e4sterverk p\u00e5 1960-talet (Markuskyrkan i Bj\u00f6rkhagen och S:t Petri kyrka i Klippan) var Sverige ett land d\u00e4r man byggde nya och vackra kyrkor, denna urgamla byggnadssort, tillg\u00e4nglig i s\u00e5dant \u00f6verfl\u00f6d att Svenska kyrkan avyttrat l\u00e5ngt \u00f6ver 100 sedan 2000.<\/p>\n<p><img loading=\"lazy\"   alt=\"\"\/><\/p>\n<p>Markuskyrkan i Bj\u00f6rkhagen \u00e4r ett av arkitekten Sigurd Lewerentz m\u00e4sterverk.<\/p>\n<p>Foto: Jessica Gow \/ TT NYHETSBYR\u00c5N<\/p>\n<p>\u00d6ppna bild i helsk\u00e4rm<\/p>\n<p>Man byggde dem inte f\u00f6r att behovet i det alltmer v\u00e4rldsliga Sverige var skriande, utan f\u00f6r att man var moderna, och att vara modern innebar att str\u00e4va mot framtiden, vilket i sin tur innebar att artikulera denna str\u00e4van i nya former. Men det stora med dessa moderna var ambivalensen. K\u00e4nslan av f\u00f6rlust drev dem fram\u00e5t: de skapade det nya i saknad efter det gamla.<\/p>\n<p><strong>TS Eliots<\/strong> modernistiska dikt \u201dDet \u00f6de landet\u201d (1922) \u00e4r ett bra exempel. I den skrev den amerikanska poeten en ny v\u00e4rld p\u00e5 ett nytt s\u00e4tt, men genom att montera och pervertera citat fr\u00e5n <strong>Dante <\/strong>och gamla folksagor. Likadant \u00e4r <strong>Sigurd Lewerentz <\/strong>tegelkyrkor resta med traditionen som byggstenar och liksom Eliots dikt p\u00e5minner dessa kyrkor om en ruin som aldrig slutar k\u00e4nnas ny. Man bevarade traditionen genom att l\u00e5ta den forts\u00e4tta.\u00a0<\/p>\n<p>Kyrkflytten i Kiruna \u00e4r motsatsen: en iscens\u00e4ttning av Sverige som museum, f\u00e4rdigt sedan l\u00e4nge, d\u00e4r m\u00e4sterverken bara h\u00e4ngs om efter politikernas (och stadsplanerarnas) tycke och smak.\u00a0<\/p>\n<p>T\u00e4nk om man i st\u00e4llet gav en levande arkitekt i uppdrag att rita en ny lappl\u00e4ndsk tr\u00e4katedral, nya Kiruna kyrka, med samma frihet och ambition, samma budget, som en g\u00e5ng Gustaf Wickman.<\/p>\n<p>Man hade rentav b\u00f6rjat k\u00e4nna lite hopp.<\/p>\n<p>Victor Malm \u00e4r kulturchef p\u00e5 Expressen.<\/p>\n","protected":false},"excerpt":{"rendered":"Victor Malm Publicerad 24 aug 2025 kl 06.00 Flytten av Kiruna kyrka \u00e4r inte bara en hoppfull h\u00e4ndelse.\u00a0&hellip;\n","protected":false},"author":2,"featured_media":12227,"comment_status":"","ping_status":"","sticky":false,"template":"","format":"standard","meta":{"footnotes":""},"categories":[5],"tags":[22,23,26,27,17,21,24,25,28,29,15,16,18,34,1676,31,33,32,30,19,20],"class_list":{"0":"post-12226","1":"post","2":"type-post","3":"status-publish","4":"format-standard","5":"has-post-thumbnail","7":"category-rubriker","8":"tag-breaking-news","9":"tag-breakingnews","10":"tag-featured-news","11":"tag-featurednews","12":"tag-headlines","13":"tag-huvudnyheter","14":"tag-latest-news","15":"tag-latestnews","16":"tag-main-news","17":"tag-mainnews","18":"tag-news","19":"tag-nyheter","20":"tag-rubriker","21":"tag-se","22":"tag-sections-victormalm","23":"tag-svenska","24":"tag-sverige","25":"tag-sweden","26":"tag-swedish","27":"tag-top-stories","28":"tag-topstories"},"share_on_mastodon":{"url":"","error":""},"_links":{"self":[{"href":"https:\/\/www.europesays.com\/se\/wp-json\/wp\/v2\/posts\/12226","targetHints":{"allow":["GET"]}}],"collection":[{"href":"https:\/\/www.europesays.com\/se\/wp-json\/wp\/v2\/posts"}],"about":[{"href":"https:\/\/www.europesays.com\/se\/wp-json\/wp\/v2\/types\/post"}],"author":[{"embeddable":true,"href":"https:\/\/www.europesays.com\/se\/wp-json\/wp\/v2\/users\/2"}],"replies":[{"embeddable":true,"href":"https:\/\/www.europesays.com\/se\/wp-json\/wp\/v2\/comments?post=12226"}],"version-history":[{"count":0,"href":"https:\/\/www.europesays.com\/se\/wp-json\/wp\/v2\/posts\/12226\/revisions"}],"wp:featuredmedia":[{"embeddable":true,"href":"https:\/\/www.europesays.com\/se\/wp-json\/wp\/v2\/media\/12227"}],"wp:attachment":[{"href":"https:\/\/www.europesays.com\/se\/wp-json\/wp\/v2\/media?parent=12226"}],"wp:term":[{"taxonomy":"category","embeddable":true,"href":"https:\/\/www.europesays.com\/se\/wp-json\/wp\/v2\/categories?post=12226"},{"taxonomy":"post_tag","embeddable":true,"href":"https:\/\/www.europesays.com\/se\/wp-json\/wp\/v2\/tags?post=12226"}],"curies":[{"name":"wp","href":"https:\/\/api.w.org\/{rel}","templated":true}]}}