{"id":122261,"date":"2026-01-01T05:31:11","date_gmt":"2026-01-01T05:31:11","guid":{"rendered":"https:\/\/www.europesays.com\/se\/122261\/"},"modified":"2026-01-01T05:31:11","modified_gmt":"2026-01-01T05:31:11","slug":"en-spelare-kammar-hem-15-miljoner-pa-v85","status":"publish","type":"post","link":"https:\/\/www.europesays.com\/se\/122261\/","title":{"rendered":"En spelare kammar hem 15 miljoner p\u00e5 V85"},"content":{"rendered":"<p class=\"sc-c25743f0-0 sc-e37c0145-2 hObFds DQgPn\">Skr\u00e4llarna avl\u00f6ste varandra under V85 p\u00e5 ny\u00e5rsafton. Och ingen lyckades pricka alla r\u00e4tt och ta hem jackpoten. Men f\u00f6r en person blev det miljonvinst \u00e4nd\u00e5. <\/p>\n<p class=\"sc-c25743f0-0 sc-e37c0145-2 hObFds DQgPn\">En spelare som l\u00e4mnat in ett system i S\u00e4vedalen lyckades pricka sju r\u00e4tt \u2013 vilket gav 14 miljoner kronor. Med undervinster inr\u00e4knat kammade systemet hem strax \u00f6ver 15 miljoner. <\/p>\n<p class=\"sc-c25743f0-0 sc-e37c0145-2 hObFds DQgPn\">\u2013 Det st\u00e5r still i huvudet p\u00e5 mig. Det \u00e4r en vinnare som tar hela sjur\u00e4ttspotten, s\u00e4ger experten Micke Nybrink i s\u00e4ndning. <\/p>\n","protected":false},"excerpt":{"rendered":"Skr\u00e4llarna avl\u00f6ste varandra under V85 p\u00e5 ny\u00e5rsafton. Och ingen lyckades pricka alla r\u00e4tt och ta hem jackpoten. Men&hellip;\n","protected":false},"author":2,"featured_media":77179,"comment_status":"","ping_status":"","sticky":false,"template":"","format":"standard","meta":{"footnotes":""},"categories":[5],"tags":[22,23,26,27,17,21,24,25,28,29,15,16,18,34,31,33,32,30,19,20],"class_list":{"0":"post-122261","1":"post","2":"type-post","3":"status-publish","4":"format-standard","5":"has-post-thumbnail","7":"category-rubriker","8":"tag-breaking-news","9":"tag-breakingnews","10":"tag-featured-news","11":"tag-featurednews","12":"tag-headlines","13":"tag-huvudnyheter","14":"tag-latest-news","15":"tag-latestnews","16":"tag-main-news","17":"tag-mainnews","18":"tag-news","19":"tag-nyheter","20":"tag-rubriker","21":"tag-se","22":"tag-svenska","23":"tag-sverige","24":"tag-sweden","25":"tag-swedish","26":"tag-top-stories","27":"tag-topstories"},"share_on_mastodon":{"url":"https:\/\/pubeurope.com\/@se\/115818206451797068","error":""},"_links":{"self":[{"href":"https:\/\/www.europesays.com\/se\/wp-json\/wp\/v2\/posts\/122261","targetHints":{"allow":["GET"]}}],"collection":[{"href":"https:\/\/www.europesays.com\/se\/wp-json\/wp\/v2\/posts"}],"about":[{"href":"https:\/\/www.europesays.com\/se\/wp-json\/wp\/v2\/types\/post"}],"author":[{"embeddable":true,"href":"https:\/\/www.europesays.com\/se\/wp-json\/wp\/v2\/users\/2"}],"replies":[{"embeddable":true,"href":"https:\/\/www.europesays.com\/se\/wp-json\/wp\/v2\/comments?post=122261"}],"version-history":[{"count":0,"href":"https:\/\/www.europesays.com\/se\/wp-json\/wp\/v2\/posts\/122261\/revisions"}],"wp:featuredmedia":[{"embeddable":true,"href":"https:\/\/www.europesays.com\/se\/wp-json\/wp\/v2\/media\/77179"}],"wp:attachment":[{"href":"https:\/\/www.europesays.com\/se\/wp-json\/wp\/v2\/media?parent=122261"}],"wp:term":[{"taxonomy":"category","embeddable":true,"href":"https:\/\/www.europesays.com\/se\/wp-json\/wp\/v2\/categories?post=122261"},{"taxonomy":"post_tag","embeddable":true,"href":"https:\/\/www.europesays.com\/se\/wp-json\/wp\/v2\/tags?post=122261"}],"curies":[{"name":"wp","href":"https:\/\/api.w.org\/{rel}","templated":true}]}}