{"id":122275,"date":"2026-01-01T05:56:27","date_gmt":"2026-01-01T05:56:27","guid":{"rendered":"https:\/\/www.europesays.com\/se\/122275\/"},"modified":"2026-01-01T05:56:27","modified_gmt":"2026-01-01T05:56:27","slug":"svensk-man-gripen-med-ett-halvt-kilo-hasch-i-magen","status":"publish","type":"post","link":"https:\/\/www.europesays.com\/se\/122275\/","title":{"rendered":"Svensk man gripen med ett halvt kilo hasch i magen"},"content":{"rendered":"<p class=\"rubrik4 ingress article-body\">SPANIEN RIKS En 61 \u00e5r gammal svensk medborgare har gripits i Melilla efter att ha f\u00f6rts till sjukhus med sv\u00e5ra buksm\u00e4rtor. R\u00f6ntgenbilder visade att mannen svalt 64 haschpaket.<\/p>\n<p class=\"text\">Tidigt en morgon nyligen fick polisen ett larm fr\u00e5n akutmottagningen vid Universitetssjukhuset i Melilla om en man med intensiva magsm\u00e4rtor. R\u00f6ntgenunders\u00f6kningen avsl\u00f6jade snabbt orsaken: mannens tarmar var fyllda med ett stort antal haschpaket. Tv\u00e5 av paketen hade fastnat i ett ljumskbr\u00e5ck, vilket orsakade en allvarlig blockering. Mannen erk\u00e4nde att det handlade om hasch. Polis larmades omedelbart till sjukhuset f\u00f6r att bevaka patienten, skriver <a href=\"https:\/\/www.lanocion.es\/ciudad-autonoma-de-melilla\/20251226\/la-policia-nacional-detiene-a-un-hombre-que-i-e29zb.html\" target=\"_blank\" rel=\"nofollow noopener\">La Noci\u00f3n<\/a>.&#13;<\/p>\n<p>Enligt l\u00e4karna var patientens liv i fara, och en akut operation genomf\u00f6rdes f\u00f6r att avl\u00e4gsna blockeringen. D\u00e4refter administrerades laxermedel. Paketen, som var inslagna i tunn plastfilm, v\u00e4gde sammanlagt 501,11 gram.&#13;<\/p>\n<p>Efter att ha friskf\u00f6rklarats ett dygn senare f\u00f6rdes mannen direkt till polisstationen. Mannen \u00e4r sedan tidigare k\u00e4nd av polisen, efter att ha gripits i Madrid i maj med samma metod f\u00f6r att smuggla narkotika. Detta st\u00e4rker misstanken om en planerad transport av narkotika i syfte att distribuera den. Fallet hanteras nu av polisenheten f\u00f6r droger och organiserad brottslighet (UDYCO).<\/p>\n","protected":false},"excerpt":{"rendered":"SPANIEN RIKS En 61 \u00e5r gammal svensk medborgare har gripits i Melilla efter att ha f\u00f6rts till sjukhus&hellip;\n","protected":false},"author":2,"featured_media":122276,"comment_status":"","ping_status":"","sticky":false,"template":"","format":"standard","meta":{"footnotes":""},"categories":[14],"tags":[22,23,1051,12913,26,27,2257,12914,12916,17,21,3387,12915,24,25,12917,28,29,4690,12392,15,16,18,34,691,4737,31,33,32,30,1050,1059,19,20,51,52,53,54],"class_list":{"0":"post-122275","1":"post","2":"type-post","3":"status-publish","4":"format-standard","5":"has-post-thumbnail","7":"category-varlden","8":"tag-breaking-news","9":"tag-breakingnews","10":"tag-costa-del-sol","11":"tag-ett","12":"tag-featured-news","13":"tag-featurednews","14":"tag-gripen","15":"tag-halvt","16":"tag-hasch","17":"tag-headlines","18":"tag-huvudnyheter","19":"tag-i","20":"tag-kilo","21":"tag-latest-news","22":"tag-latestnews","23":"tag-magen","24":"tag-main-news","25":"tag-mainnews","26":"tag-man","27":"tag-med","28":"tag-news","29":"tag-nyheter","30":"tag-rubriker","31":"tag-se","32":"tag-spanien","33":"tag-svensk","34":"tag-svenska","35":"tag-sverige","36":"tag-sweden","37":"tag-swedish","38":"tag-sydkusten","39":"tag-sydkusten-es","40":"tag-top-stories","41":"tag-topstories","42":"tag-varlden","43":"tag-world","44":"tag-world-news","45":"tag-worldnews"},"share_on_mastodon":{"url":"https:\/\/pubeurope.com\/@se\/115818304813375215","error":""},"_links":{"self":[{"href":"https:\/\/www.europesays.com\/se\/wp-json\/wp\/v2\/posts\/122275","targetHints":{"allow":["GET"]}}],"collection":[{"href":"https:\/\/www.europesays.com\/se\/wp-json\/wp\/v2\/posts"}],"about":[{"href":"https:\/\/www.europesays.com\/se\/wp-json\/wp\/v2\/types\/post"}],"author":[{"embeddable":true,"href":"https:\/\/www.europesays.com\/se\/wp-json\/wp\/v2\/users\/2"}],"replies":[{"embeddable":true,"href":"https:\/\/www.europesays.com\/se\/wp-json\/wp\/v2\/comments?post=122275"}],"version-history":[{"count":0,"href":"https:\/\/www.europesays.com\/se\/wp-json\/wp\/v2\/posts\/122275\/revisions"}],"wp:featuredmedia":[{"embeddable":true,"href":"https:\/\/www.europesays.com\/se\/wp-json\/wp\/v2\/media\/122276"}],"wp:attachment":[{"href":"https:\/\/www.europesays.com\/se\/wp-json\/wp\/v2\/media?parent=122275"}],"wp:term":[{"taxonomy":"category","embeddable":true,"href":"https:\/\/www.europesays.com\/se\/wp-json\/wp\/v2\/categories?post=122275"},{"taxonomy":"post_tag","embeddable":true,"href":"https:\/\/www.europesays.com\/se\/wp-json\/wp\/v2\/tags?post=122275"}],"curies":[{"name":"wp","href":"https:\/\/api.w.org\/{rel}","templated":true}]}}