{"id":122281,"date":"2026-01-01T06:05:07","date_gmt":"2026-01-01T06:05:07","guid":{"rendered":"https:\/\/www.europesays.com\/se\/122281\/"},"modified":"2026-01-01T06:05:07","modified_gmt":"2026-01-01T06:05:07","slug":"bilolycka-i-rondell-i-knivsta-pa-vag-77","status":"publish","type":"post","link":"https:\/\/www.europesays.com\/se\/122281\/","title":{"rendered":"Bilolycka i rondell i Knivsta p\u00e5 v\u00e4g 77"},"content":{"rendered":"<p>Enligt r\u00e4ddningstj\u00e4nsten ska olyckan ha skett i rondellen mellan v\u00e4g 77 och E4, i riktning mot E4. R\u00e4ddningstj\u00e4nst och polis larmades till platsen.\u2013 Det \u00e4r en bil som k\u00f6rt rakt \u00f6ver rondellen och in i en stolpe. Det \u00e4r inga personskador men bilen ska l\u00e4cka lite olja s\u00e5 det blir v\u00e4l mest sanering fr\u00e5n v\u00e5r sida, s\u00e4ger Tommy Wollberg, ledningsoperat\u00f6r p\u00e5 r\u00e4ddningstj\u00e4nste<\/p>\n","protected":false},"excerpt":{"rendered":"Enligt r\u00e4ddningstj\u00e4nsten ska olyckan ha skett i rondellen mellan v\u00e4g 77 och E4, i riktning mot E4. R\u00e4ddningstj\u00e4nst&hellip;\n","protected":false},"author":2,"featured_media":1027,"comment_status":"","ping_status":"","sticky":false,"template":"","format":"standard","meta":{"footnotes":""},"categories":[12],"tags":[22,23,26,27,17,21,24,25,28,29,15,16,18,34,31,33,32,30,19,20],"class_list":{"0":"post-122281","1":"post","2":"type-post","3":"status-publish","4":"format-standard","5":"has-post-thumbnail","7":"category-sverige","8":"tag-breaking-news","9":"tag-breakingnews","10":"tag-featured-news","11":"tag-featurednews","12":"tag-headlines","13":"tag-huvudnyheter","14":"tag-latest-news","15":"tag-latestnews","16":"tag-main-news","17":"tag-mainnews","18":"tag-news","19":"tag-nyheter","20":"tag-rubriker","21":"tag-se","22":"tag-svenska","23":"tag-sverige","24":"tag-sweden","25":"tag-swedish","26":"tag-top-stories","27":"tag-topstories"},"share_on_mastodon":{"url":"https:\/\/pubeurope.com\/@se\/115818340183229386","error":""},"_links":{"self":[{"href":"https:\/\/www.europesays.com\/se\/wp-json\/wp\/v2\/posts\/122281","targetHints":{"allow":["GET"]}}],"collection":[{"href":"https:\/\/www.europesays.com\/se\/wp-json\/wp\/v2\/posts"}],"about":[{"href":"https:\/\/www.europesays.com\/se\/wp-json\/wp\/v2\/types\/post"}],"author":[{"embeddable":true,"href":"https:\/\/www.europesays.com\/se\/wp-json\/wp\/v2\/users\/2"}],"replies":[{"embeddable":true,"href":"https:\/\/www.europesays.com\/se\/wp-json\/wp\/v2\/comments?post=122281"}],"version-history":[{"count":0,"href":"https:\/\/www.europesays.com\/se\/wp-json\/wp\/v2\/posts\/122281\/revisions"}],"wp:featuredmedia":[{"embeddable":true,"href":"https:\/\/www.europesays.com\/se\/wp-json\/wp\/v2\/media\/1027"}],"wp:attachment":[{"href":"https:\/\/www.europesays.com\/se\/wp-json\/wp\/v2\/media?parent=122281"}],"wp:term":[{"taxonomy":"category","embeddable":true,"href":"https:\/\/www.europesays.com\/se\/wp-json\/wp\/v2\/categories?post=122281"},{"taxonomy":"post_tag","embeddable":true,"href":"https:\/\/www.europesays.com\/se\/wp-json\/wp\/v2\/tags?post=122281"}],"curies":[{"name":"wp","href":"https:\/\/api.w.org\/{rel}","templated":true}]}}