{"id":122284,"date":"2026-01-01T06:13:20","date_gmt":"2026-01-01T06:13:20","guid":{"rendered":"https:\/\/www.europesays.com\/se\/122284\/"},"modified":"2026-01-01T06:13:20","modified_gmt":"2026-01-01T06:13:20","slug":"vandningen-ny-oppning-for-konstgras-pa-gardet","status":"publish","type":"post","link":"https:\/\/www.europesays.com\/se\/122284\/","title":{"rendered":"V\u00e4ndningen \u2013 ny \u00f6ppning f\u00f6r konstgr\u00e4s p\u00e5 G\u00e4rdet"},"content":{"rendered":"<p class=\"text\">F\u00f6r tv\u00e5 \u00e5r sedan invigdes Stockholms f\u00f6rsta hybridgr\u00e4splaner p\u00e5 G\u00e4rdets sportf\u00e4lt. Valet av hybridgr\u00e4s, som best\u00e5r av 90 procent naturgr\u00e4s och 10 procent plast, var en f\u00f6ruts\u00e4ttning f\u00f6r att KDF (Kungliga Djurg\u00e5rdsf\u00f6rvaltningen) skulle s\u00e4ga ja till bygget som ligger inom Nationalstadsparken.<\/p>\n<p class=\"text\">Hybridgr\u00e4s har milj\u00f6m\u00e4ssiga f\u00f6rdelar \u2013 <a target=\"_blank\" rel=\"noopener nofollow\" href=\"https:\/\/www.mitti.se\/nyheter\/efter-miljonsatsningen-planerna-haller-inte-mattet-6.3.240564.02a29d1687\">men sportsligt l\u00e4mnar modellen en del att \u00f6nska<\/a>, menar klubbarna.<\/p>\n<p class=\"text\">\u2013 Planerna h\u00e5ller inte f\u00f6r spel under en stor del av \u00e5ret. Det \u00e4r ingen hemlighet att det finns ett \u00f6nskem\u00e5l om att l\u00e4gga vanligt konstgr\u00e4s d\u00e4r i st\u00e4llet, s\u00e4ger Christian Gentile, verksamhetschef f\u00f6r Djurg\u00e5rds IF:s ungdomssektion.<\/p>\n<p>Snabb utveckling<\/p>\n<p class=\"text\">P\u00e5 den punkten har de Stockholms stad med sig. Det sa stadsbyggnadsn\u00e4mndens ordf\u00f6rande Jan Valeskog (S) n\u00e4r Mitt i nyligen ber\u00e4ttade att flera fotbollsklubbar har g\u00e5tt ihop och <a target=\"_blank\" rel=\"noopener nofollow\" href=\"https:\/\/www.mitti.se\/nyheter\/konkurrerande-fotbollsklubbar-gar-samman--pressar-politikerna-6.3.332693.e03121e78f\">uppvaktat stadens politiker om platsbristen<\/a> p\u00e5 innerstadens bollplaner. \u00c4ven Moderaterna \u00e4r positiva och uppger att de kommer att l\u00e4gga ett f\u00f6rslag om detta p\u00e5 n\u00e4sta idrottsn\u00e4mnd. <\/p>\n<p class=\"text\">Och KDF s\u00e4ger att de \u00e4r beredda att diskutera konstgr\u00e4s p\u00e5 G\u00e4rdets sportf\u00e4lt.<\/p>\n<p class=\"text\">\u2013 Inf\u00f6r byggnationen sa vi nej, d\u00e5 gick det larm om mikroplaster som l\u00e4ckte fr\u00e5n konstgr\u00e4splaner \u00f6ver hela landet. Men tekniken g\u00e5r snabbt fram\u00e5t, och hur landet ligger i dag vet jag inte, s\u00e4ger slottsfogden Magnus Andersson.<\/p>\n<p class=\"citat\">Det gick larm om mikroplatser.<\/p>\n<p>\u00d6kat nyttjade positivt<\/p>\n<p class=\"text\">Han s\u00e4ger att man \u00e4r \u00f6ppen f\u00f6r att diskutera fr\u00e5gan med f\u00f6reningslivet, Stockholms stad och l\u00e4nsstyrelsen.<\/p>\n<p class=\"text\">\u2013 Ett \u00f6kat nyttjade av planerna vore bara positivt. Men det f\u00e5r inte ske p\u00e5 bekostnad av milj\u00f6n. <\/p>\n<p class=\"text\">Magnus Andersson s\u00e4ger att har f\u00e5tt fr\u00e5gan fr\u00e5n idrottsf\u00f6reningarna, men \u00e4nnu inte fr\u00e5n Stockholms stad som arrenderar marken.<\/p>\n<p class=\"text\">Jenny Tir\u00e9n, kommunikat\u00f6r p\u00e5 idrottsf\u00f6rvaltningen i Stockholms stad, skriver i ett mejl till Mitt i att staden ska tr\u00e4ffa KDF och l\u00e4nsstyrelsen f\u00f6r att diskutera fr\u00e5gan.<\/p>\n","protected":false},"excerpt":{"rendered":"F\u00f6r tv\u00e5 \u00e5r sedan invigdes Stockholms f\u00f6rsta hybridgr\u00e4splaner p\u00e5 G\u00e4rdets sportf\u00e4lt. Valet av hybridgr\u00e4s, som best\u00e5r av 90&hellip;\n","protected":false},"author":2,"featured_media":122285,"comment_status":"","ping_status":"","sticky":false,"template":"","format":"standard","meta":{"footnotes":""},"categories":[12],"tags":[22,23,26,27,17,21,24,25,28,29,15,16,18,34,31,33,32,30,19,20],"class_list":{"0":"post-122284","1":"post","2":"type-post","3":"status-publish","4":"format-standard","5":"has-post-thumbnail","7":"category-sverige","8":"tag-breaking-news","9":"tag-breakingnews","10":"tag-featured-news","11":"tag-featurednews","12":"tag-headlines","13":"tag-huvudnyheter","14":"tag-latest-news","15":"tag-latestnews","16":"tag-main-news","17":"tag-mainnews","18":"tag-news","19":"tag-nyheter","20":"tag-rubriker","21":"tag-se","22":"tag-svenska","23":"tag-sverige","24":"tag-sweden","25":"tag-swedish","26":"tag-top-stories","27":"tag-topstories"},"share_on_mastodon":{"url":"https:\/\/pubeurope.com\/@se\/115818371883390327","error":""},"_links":{"self":[{"href":"https:\/\/www.europesays.com\/se\/wp-json\/wp\/v2\/posts\/122284","targetHints":{"allow":["GET"]}}],"collection":[{"href":"https:\/\/www.europesays.com\/se\/wp-json\/wp\/v2\/posts"}],"about":[{"href":"https:\/\/www.europesays.com\/se\/wp-json\/wp\/v2\/types\/post"}],"author":[{"embeddable":true,"href":"https:\/\/www.europesays.com\/se\/wp-json\/wp\/v2\/users\/2"}],"replies":[{"embeddable":true,"href":"https:\/\/www.europesays.com\/se\/wp-json\/wp\/v2\/comments?post=122284"}],"version-history":[{"count":0,"href":"https:\/\/www.europesays.com\/se\/wp-json\/wp\/v2\/posts\/122284\/revisions"}],"wp:featuredmedia":[{"embeddable":true,"href":"https:\/\/www.europesays.com\/se\/wp-json\/wp\/v2\/media\/122285"}],"wp:attachment":[{"href":"https:\/\/www.europesays.com\/se\/wp-json\/wp\/v2\/media?parent=122284"}],"wp:term":[{"taxonomy":"category","embeddable":true,"href":"https:\/\/www.europesays.com\/se\/wp-json\/wp\/v2\/categories?post=122284"},{"taxonomy":"post_tag","embeddable":true,"href":"https:\/\/www.europesays.com\/se\/wp-json\/wp\/v2\/tags?post=122284"}],"curies":[{"name":"wp","href":"https:\/\/api.w.org\/{rel}","templated":true}]}}