{"id":122288,"date":"2026-01-01T06:17:09","date_gmt":"2026-01-01T06:17:09","guid":{"rendered":"https:\/\/www.europesays.com\/se\/122288\/"},"modified":"2026-01-01T06:17:09","modified_gmt":"2026-01-01T06:17:09","slug":"tio-nio-tva-ett-nej-gott-nytt-ar","status":"publish","type":"post","link":"https:\/\/www.europesays.com\/se\/122288\/","title":{"rendered":"\u201dTio, nio, tv\u00e5, ett, nej \u2013 gott nytt \u00e5r!\u201d"},"content":{"rendered":"<p>Viss f\u00f6rvirring uppstod n\u00e4r sk\u00e5despelaren Helena Bergstr\u00f6m l\u00e4ste den traditionella dikten \u201dNy\u00e5rsklockan\u201d vid tolvslaget p\u00e5 Skansen i SVT:s s\u00e4ndning. N\u00e4r Bergstr\u00f6m hade l\u00e4st klart och skulle avsluta med nedr\u00e4kning till tolvslaget hade hon lite knappt om tid.<\/p>\n<p>\u2013 Tio, nio, tv\u00e5, ett, nej, gott nytt \u00e5r! sa Bergstr\u00f6m p\u00e5 scenen samtidigt som fyrverkerierna drog ig\u00e5ng.<\/p>\n<p>F\u00f6r Bergstr\u00f6m var det ett speciellt uppdrag att f\u00e5 l\u00e4sa dikten eftersom det var hennes morfar, sk\u00e5despelaren Olof Widgren, som gjorde det mellan 1947 och 1955. <\/p>\n<p>Omni \u00e4r politiskt obundna och oberoende. Vi str\u00e4var efter att ge fler perspektiv p\u00e5 nyheterna. Har du fr\u00e5gor eller synpunkter kring v\u00e5r rapportering? <a href=\"https:\/\/omni.se\/forvirringen-i-svt-tio-nio-tva-ett-gott-nytt-ar\/a\/mailto:redaktion@omni.se\" class=\"ArticleActions_contactLink__W2F1M\" rel=\"nofollow noopener\" target=\"_blank\">Kontakta redaktionen<\/a><\/p>\n","protected":false},"excerpt":{"rendered":"Viss f\u00f6rvirring uppstod n\u00e4r sk\u00e5despelaren Helena Bergstr\u00f6m l\u00e4ste den traditionella dikten \u201dNy\u00e5rsklockan\u201d vid tolvslaget p\u00e5 Skansen i SVT:s&hellip;\n","protected":false},"author":2,"featured_media":122289,"comment_status":"","ping_status":"","sticky":false,"template":"","format":"standard","meta":{"footnotes":""},"categories":[67],"tags":[104,168,11927,6610,34,31,33,32,30,105],"class_list":{"0":"post-122288","1":"post","2":"type-post","3":"status-publish","4":"format-standard","5":"has-post-thumbnail","7":"category-underhallning","8":"tag-entertainment","9":"tag-film-tv","10":"tag-helena-bergstrom","11":"tag-noje-kultur","12":"tag-se","13":"tag-svenska","14":"tag-sverige","15":"tag-sweden","16":"tag-swedish","17":"tag-underhallning"},"share_on_mastodon":{"url":"https:\/\/pubeurope.com\/@se\/115818387398395706","error":""},"_links":{"self":[{"href":"https:\/\/www.europesays.com\/se\/wp-json\/wp\/v2\/posts\/122288","targetHints":{"allow":["GET"]}}],"collection":[{"href":"https:\/\/www.europesays.com\/se\/wp-json\/wp\/v2\/posts"}],"about":[{"href":"https:\/\/www.europesays.com\/se\/wp-json\/wp\/v2\/types\/post"}],"author":[{"embeddable":true,"href":"https:\/\/www.europesays.com\/se\/wp-json\/wp\/v2\/users\/2"}],"replies":[{"embeddable":true,"href":"https:\/\/www.europesays.com\/se\/wp-json\/wp\/v2\/comments?post=122288"}],"version-history":[{"count":0,"href":"https:\/\/www.europesays.com\/se\/wp-json\/wp\/v2\/posts\/122288\/revisions"}],"wp:featuredmedia":[{"embeddable":true,"href":"https:\/\/www.europesays.com\/se\/wp-json\/wp\/v2\/media\/122289"}],"wp:attachment":[{"href":"https:\/\/www.europesays.com\/se\/wp-json\/wp\/v2\/media?parent=122288"}],"wp:term":[{"taxonomy":"category","embeddable":true,"href":"https:\/\/www.europesays.com\/se\/wp-json\/wp\/v2\/categories?post=122288"},{"taxonomy":"post_tag","embeddable":true,"href":"https:\/\/www.europesays.com\/se\/wp-json\/wp\/v2\/tags?post=122288"}],"curies":[{"name":"wp","href":"https:\/\/api.w.org\/{rel}","templated":true}]}}