{"id":122290,"date":"2026-01-01T06:21:28","date_gmt":"2026-01-01T06:21:28","guid":{"rendered":"https:\/\/www.europesays.com\/se\/122290\/"},"modified":"2026-01-01T06:21:28","modified_gmt":"2026-01-01T06:21:28","slug":"strommer-om-vilma-anderssons-namnbyte-stotande-sverige","status":"publish","type":"post","link":"https:\/\/www.europesays.com\/se\/122290\/","title":{"rendered":"Str\u00f6mmer om Vilma Anderssons namnbyte: \u201dSt\u00f6tande\u201d | Sverige"},"content":{"rendered":"<p>Publicerad 31 dec 2025 kl 18.05Uppdaterad kl 20.17<\/p>\n<p>Mordmisst\u00e4nkte Vilma Andersson, 26, har bytt namn flera g\u00e5nger.\u00a0<\/p>\n<p>\u2013 Jag har f\u00f6rst\u00e5tt att det s\u00e4gs att namnbytet skulle kunna kopplas till andra brottsoffer, s\u00e4ger justitieminister Gunnar Str\u00f6mmer (M).\u00a0<\/p>\n<p>\u201dDet \u00e4r oundvikligt att kommentera\u201d, skriver vice statsminister Ebba Busch (KD) p\u00e5 Instagram.<\/p>\n<p><img loading=\"lazy\"   alt=\"\"\/><\/p>\n<p>Gunnar Str\u00f6mmer och Elisabeth Svantesson var p\u00e5 plats i R\u00f6nninge p\u00e5 ny\u00e5rsafton.<\/p>\n<p>Foto: Fredrik Persson \/TT<\/p>\n<p>\u00d6ppna bild i helsk\u00e4rm<img loading=\"lazy\"   alt=\"\"\/><\/p>\n<p>Mordmisst\u00e4nkte Vilma Andersson, 26, har bytt namn flera g\u00e5nger.<\/p>\n<p>Foto: Privat<\/p>\n<p>\u00d6ppna bild i helsk\u00e4rm<img loading=\"lazy\"   alt=\"\"\/><\/p>\n<p>Gunnar Str\u00f6mmer var p\u00e5 plats i R\u00f6nninge p\u00e5 ny\u00e5rsafton.<\/p>\n<p>Foto: Fredrik Persson \/TT \/ TT NYHETSBYR\u00c5N<\/p>\n<p>\u00d6ppna bild i helsk\u00e4rm<\/p>\n<p>26-\u00e5riga Vilma Andersson, som h\u00e4ktats misst\u00e4nkt f\u00f6r mordet p\u00e5 en 25-\u00e5rig kvinna i R\u00f6nninge under julhelgen, har bytt namn flera g\u00e5nger de senaste \u00e5ren.\u00a0<\/p>\n<p>\u00c5klagare och tingsr\u00e4tt refererar till Andersson som kvinna, men 26-\u00e5ringen har inte bytt juridiskt k\u00f6n.<\/p>\n<p>Han delar det tagna namnet Vilma Andersson med det 17-\u00e5riga mordoffret Wilma Andersson, som dock stavar annorlunda. Hon styckm\u00f6rdades i Uddevalla 2019 av pojkv\u00e4nnen Tishko Ahmed.\u00a0<\/p>\n<p>\u2013 Jag har f\u00f6rst\u00e5tt att det s\u00e4gs att namnbytet skulle kunna kopplas till andra brottsoffer. Utan att g\u00e5 in n\u00e4rmre p\u00e5 det kan det finnas andra aspekter av en s\u00e5n h\u00e4r sak som kan verka st\u00f6tande och kr\u00e4nkande, s\u00e4ger justitieminister <a href=\"https:\/\/www.expressen.se\/tagg\/person\/gunnar-strommer\/\" class=\"\" rel=\"nofollow noopener\" target=\"_blank\">Gunnar Str\u00f6mmer<\/a> (M) i samband med ett bes\u00f6k i R\u00f6nninge p\u00e5 ny\u00e5rsafton.<\/p>\n<p>Str\u00f6mmer: M\u00e5nga \u00e5r p\u00e5 nacken\u00a0<\/p>\n<p>De m\u00e5nga namnbytena har lett till offentliga diskussioner kring huruvida brottsd\u00f6mda personer ska ha r\u00e4tt att byta namn.<\/p>\n<p>\u2013 Lagstiftningen har m\u00e5nga \u00e5r p\u00e5 nacken och syftar till att det inte ska vara kr\u00e5ngligt f\u00f6r allm\u00e4nheten att byta namn, s\u00e4ger justitieministern och forts\u00e4tter:\u00a0<\/p>\n<p>\u2013 Men om den typen av system uppfattas eller de facto missbrukas av exempelvis kriminella, \u00e4r det n\u00e5got vi verkligen har anledning att se n\u00e4rmre p\u00e5.<\/p>\n<p>Busch: \u201dVansinne\u201d<\/p>\n<p>\u00c4ven Tid\u00f6kollegan energi- och n\u00e4ringsminister Ebba Busch (KD) har kommenterat namnbytet i ett inl\u00e4gg p\u00e5 Instagram.<\/p>\n<p>\u201dDet \u00e4r oundvikligt att kommentera att den misst\u00e4nkte enligt uppgift bytt namn till Vilma Andersson, samma namn om \u00e4n annan stavning, som den flicka som m\u00f6rdades i Uddevalla 2019\u201d, skriver hon och forts\u00e4tter:<\/p>\n<p>\u201dDet \u00e4r inte bara en fr\u00e5ga om m\u00e4ns v\u00e5ld mot kvinnor, utan om st\u00f6rda individers s\u00f6kande efter kryph\u00e5l i naiv lagstiftning. Ett vansinne\u201d.\u00a0<\/p>\n<p>\u201dChockad i flera dagar\u201d<\/p>\n","protected":false},"excerpt":{"rendered":"Publicerad 31 dec 2025 kl 18.05Uppdaterad kl 20.17 Mordmisst\u00e4nkte Vilma Andersson, 26, har bytt namn flera g\u00e5nger.\u00a0 \u2013&hellip;\n","protected":false},"author":2,"featured_media":122291,"comment_status":"","ping_status":"","sticky":false,"template":"","format":"standard","meta":{"footnotes":""},"categories":[12],"tags":[22,23,26,27,17,21,24,25,12658,28,29,15,16,874,1459,18,34,154,31,33,32,30,19,20],"class_list":{"0":"post-122290","1":"post","2":"type-post","3":"status-publish","4":"format-standard","5":"has-post-thumbnail","7":"category-sverige","8":"tag-breaking-news","9":"tag-breakingnews","10":"tag-featured-news","11":"tag-featurednews","12":"tag-headlines","13":"tag-huvudnyheter","14":"tag-latest-news","15":"tag-latestnews","16":"tag-location-ronninge","17":"tag-main-news","18":"tag-mainnews","19":"tag-news","20":"tag-nyheter","21":"tag-person-ebba-busch","22":"tag-person-gunnar-strommer","23":"tag-rubriker","24":"tag-se","25":"tag-sections-sverige","26":"tag-svenska","27":"tag-sverige","28":"tag-sweden","29":"tag-swedish","30":"tag-top-stories","31":"tag-topstories"},"share_on_mastodon":{"url":"https:\/\/pubeurope.com\/@se\/115818403187950561","error":""},"_links":{"self":[{"href":"https:\/\/www.europesays.com\/se\/wp-json\/wp\/v2\/posts\/122290","targetHints":{"allow":["GET"]}}],"collection":[{"href":"https:\/\/www.europesays.com\/se\/wp-json\/wp\/v2\/posts"}],"about":[{"href":"https:\/\/www.europesays.com\/se\/wp-json\/wp\/v2\/types\/post"}],"author":[{"embeddable":true,"href":"https:\/\/www.europesays.com\/se\/wp-json\/wp\/v2\/users\/2"}],"replies":[{"embeddable":true,"href":"https:\/\/www.europesays.com\/se\/wp-json\/wp\/v2\/comments?post=122290"}],"version-history":[{"count":0,"href":"https:\/\/www.europesays.com\/se\/wp-json\/wp\/v2\/posts\/122290\/revisions"}],"wp:featuredmedia":[{"embeddable":true,"href":"https:\/\/www.europesays.com\/se\/wp-json\/wp\/v2\/media\/122291"}],"wp:attachment":[{"href":"https:\/\/www.europesays.com\/se\/wp-json\/wp\/v2\/media?parent=122290"}],"wp:term":[{"taxonomy":"category","embeddable":true,"href":"https:\/\/www.europesays.com\/se\/wp-json\/wp\/v2\/categories?post=122290"},{"taxonomy":"post_tag","embeddable":true,"href":"https:\/\/www.europesays.com\/se\/wp-json\/wp\/v2\/tags?post=122290"}],"curies":[{"name":"wp","href":"https:\/\/api.w.org\/{rel}","templated":true}]}}