{"id":122293,"date":"2026-01-01T06:25:14","date_gmt":"2026-01-01T06:25:14","guid":{"rendered":"https:\/\/www.europesays.com\/se\/122293\/"},"modified":"2026-01-01T06:25:14","modified_gmt":"2026-01-01T06:25:14","slug":"filmtips-for-nyarsdagen-invig-2026-med-stephen-kings-vandrande-mardrom","status":"publish","type":"post","link":"https:\/\/www.europesays.com\/se\/122293\/","title":{"rendered":"Filmtips f\u00f6r ny\u00e5rsdagen! Invig 2026 med Stephen Kings vandrande mardr\u00f6m"},"content":{"rendered":"<p>Om du tycker att ny\u00e5rsl\u00f6ften om promenader \u00e4r l\u00e4tta, t\u00e4nk om! i \u201dThe Long Walk\u201d \u00e4r det liv eller d\u00f6d som g\u00e4ller f\u00f6r 50 ton\u00e5rspojkar i ett alternativt Amerika. De m\u00e5ste h\u00e5lla en hastighet p\u00e5 minst 5 kilometer i timmen \u2013 misslyckas de riskerar de att elimineras. Rikedom och en \u00f6nskan v\u00e4ntar f\u00f6r den som \u00f6verlever, men mest av allt f\u00e5r vi f\u00f6lja v\u00e4nskap, rivalitet och n\u00e5gra ov\u00e4ntade skratt l\u00e4ngs v\u00e4gen.<\/p>\n<p>Filmen baseras p\u00e5 <strong>Stephen<\/strong> <strong>Kings<\/strong> roman fr\u00e5n 1979, som ursprungligen publicerades under pseudonymen Richard Bachman.<\/p>\n<p>I huvudrollerna ser vi <strong>Cooper<\/strong> <strong>Hoffman<\/strong> spelar Ray Garraty och <strong>David<\/strong> <strong>Jonsson<\/strong> Peter McVries och med <strong>Mark<\/strong> <strong>Hamill<\/strong> som den h\u00e4nsynsl\u00f6se Major. <strong>Ben<\/strong> <strong>Wang<\/strong> syns som Hank Olson, <strong>Roman<\/strong> <strong>Griffin<\/strong> <strong>Davis<\/strong> som Thomas Curley, <strong>Garrett<\/strong> <strong>Wareing<\/strong> som Billy Stebbins, <strong>Judy<\/strong> <strong>Greer<\/strong> som Ginnie Garraty och <strong>Charlie<\/strong> <strong>Plummer<\/strong> som Gary Barkovitch. <\/p>\n<p><strong>Francis<\/strong> <strong>Lawrence<\/strong> (\u201dHunger Games: The Ballad of Songbirds &amp; Snakes\u201d) regisserar, med manus av <strong>JT<\/strong> <strong>Mollner<\/strong>.<\/p>\n<p>\u201dThe Long Walk\u201d har premi\u00e4r digitalt den 1 januari och \u00e4r ett utm\u00e4rkt tillf\u00e4lle att starta det nya \u00e5ret med hj\u00e4rtklappning, sp\u00e4nning och en dos dystopisk humor. S\u00e5 gl\u00f6m tr\u00f6tta promenader i vinter, h\u00e4r \u00e4r det 50 ton\u00e5rsgrabbar som visar hur man tar g\u00e5endet till helt nya h\u00f6jder.<\/p>\n<p><img loading=\"lazy\" decoding=\"async\" alt=\"YouTube video\" width=\"480\" height=\"360\" data-pin-nopin=\"true\" nopin=\"nopin\" class=\"perfmatters-lazy\" src=\"https:\/\/www.europesays.com\/se\/wp-content\/uploads\/2026\/01\/1767248714_974_hqdefault.jpg\"\/><\/p>\n<p>L\u00e4s ocks\u00e5: <a href=\"https:\/\/www.moviezine.se\/nyheter\/frank-darabont-tackade-nej-till-popular-stephen-king-berattelse-for-svar-att-gora-film-av\" title=\"Frank Darabont tackade nej till popul\u00e4r Stephen King-ber\u00e4ttelse: \u201dF\u00f6r sv\u00e5r att g\u00f6ra film av\u201d\" class=\"underline-custom !font-montserrat !font-bold !underline-offset-4 !decoration-4 !decoration-moviezine-green !text-md\" rel=\"nofollow noopener\" target=\"_blank\">Frank Darabont tackade nej till popul\u00e4r Stephen King-ber\u00e4ttelse: \u201dF\u00f6r sv\u00e5r att g\u00f6ra film av\u201d<\/a><\/p>\n<p>L\u00e4s ocks\u00e5: <a href=\"https:\/\/www.moviezine.se\/nyheter\/digitalslapp-for-en-av-2025-ars-markligaste-och-finaste-dramafilmer\" title=\"Digitalsl\u00e4pp f\u00f6r en av 2025 \u00e5rs m\u00e4rkligaste (och finaste) dramafilmer\" class=\"underline-custom !font-montserrat !font-bold !underline-offset-4 !decoration-4 !decoration-moviezine-green !text-md\" rel=\"nofollow noopener\" target=\"_blank\">Digitalsl\u00e4pp f\u00f6r en av 2025 \u00e5rs m\u00e4rkligaste (och finaste) dramafilmer<\/a><\/p>\n","protected":false},"excerpt":{"rendered":"Om du tycker att ny\u00e5rsl\u00f6ften om promenader \u00e4r l\u00e4tta, t\u00e4nk om! i \u201dThe Long Walk\u201d \u00e4r det liv&hellip;\n","protected":false},"author":2,"featured_media":122294,"comment_status":"","ping_status":"","sticky":false,"template":"","format":"standard","meta":{"footnotes":""},"categories":[67],"tags":[2372,104,34,3707,31,33,32,30,105],"class_list":{"0":"post-122293","1":"post","2":"type-post","3":"status-publish","4":"format-standard","5":"has-post-thumbnail","7":"category-underhallning","8":"tag-digitalpremiar","9":"tag-entertainment","10":"tag-se","11":"tag-stephen-king","12":"tag-svenska","13":"tag-sverige","14":"tag-sweden","15":"tag-swedish","16":"tag-underhallning"},"share_on_mastodon":{"url":"https:\/\/pubeurope.com\/@se\/115818418872772124","error":""},"_links":{"self":[{"href":"https:\/\/www.europesays.com\/se\/wp-json\/wp\/v2\/posts\/122293","targetHints":{"allow":["GET"]}}],"collection":[{"href":"https:\/\/www.europesays.com\/se\/wp-json\/wp\/v2\/posts"}],"about":[{"href":"https:\/\/www.europesays.com\/se\/wp-json\/wp\/v2\/types\/post"}],"author":[{"embeddable":true,"href":"https:\/\/www.europesays.com\/se\/wp-json\/wp\/v2\/users\/2"}],"replies":[{"embeddable":true,"href":"https:\/\/www.europesays.com\/se\/wp-json\/wp\/v2\/comments?post=122293"}],"version-history":[{"count":0,"href":"https:\/\/www.europesays.com\/se\/wp-json\/wp\/v2\/posts\/122293\/revisions"}],"wp:featuredmedia":[{"embeddable":true,"href":"https:\/\/www.europesays.com\/se\/wp-json\/wp\/v2\/media\/122294"}],"wp:attachment":[{"href":"https:\/\/www.europesays.com\/se\/wp-json\/wp\/v2\/media?parent=122293"}],"wp:term":[{"taxonomy":"category","embeddable":true,"href":"https:\/\/www.europesays.com\/se\/wp-json\/wp\/v2\/categories?post=122293"},{"taxonomy":"post_tag","embeddable":true,"href":"https:\/\/www.europesays.com\/se\/wp-json\/wp\/v2\/tags?post=122293"}],"curies":[{"name":"wp","href":"https:\/\/api.w.org\/{rel}","templated":true}]}}