{"id":122312,"date":"2026-01-01T06:52:21","date_gmt":"2026-01-01T06:52:21","guid":{"rendered":"https:\/\/www.europesays.com\/se\/122312\/"},"modified":"2026-01-01T06:52:21","modified_gmt":"2026-01-01T06:52:21","slug":"ny-elavgift-pa-vag-vanor-kan-gora-kostnaden-dyrare","status":"publish","type":"post","link":"https:\/\/www.europesays.com\/se\/122312\/","title":{"rendered":"Ny elavgift p\u00e5 v\u00e4g \u2013 vanor kan g\u00f6ra kostnaden dyrare"},"content":{"rendered":"<p>Senast 2027 inf\u00f6rs en ny elavgift i Sverige, den s\u00e5 kallade effekttaxan, som v\u00e4ntas g\u00f6ra eln\u00e4tsfakturan dyrare, rapporterar Ekot. <\/p>\n<p>Men f\u00f6r att undvika dyrare fakturor handlar det om att j\u00e4mna ut energif\u00f6rbrukningen, det vill s\u00e4ga att undvika att k\u00f6ra flera hush\u00e5llsmaskiner samtidigt. Risken \u00e4r annars att f\u00e5 en s\u00e5 kallad effekttopp, s\u00e4ger Lars H\u00e4llentorp, energi- och klimatr\u00e5dgivare f\u00f6r flera kommuner i V\u00e4stsverige. <\/p>\n<p>\u2013 Sj\u00e4lv har jag en pristariff med tre effekttoppar per m\u00e5nad. Snittet av de tre f\u00e5r jag betala f\u00f6r, s\u00e4ger han. <\/p>\n<p>Omni \u00e4r politiskt obundna och oberoende. Vi str\u00e4var efter att ge fler perspektiv p\u00e5 nyheterna. Har du fr\u00e5gor eller synpunkter kring v\u00e5r rapportering? <a href=\"https:\/\/omni.se\/ny-elavgift-pa-vag-vardagsvanor-kan-gora-kostnaden-dyrare\/a\/mailto:redaktion@omni.se\" class=\"ArticleActions_contactLink__W2F1M\" rel=\"nofollow noopener\" target=\"_blank\">Kontakta redaktionen<\/a><\/p>\n","protected":false},"excerpt":{"rendered":"Senast 2027 inf\u00f6rs en ny elavgift i Sverige, den s\u00e5 kallade effekttaxan, som v\u00e4ntas g\u00f6ra eln\u00e4tsfakturan dyrare, rapporterar&hellip;\n","protected":false},"author":2,"featured_media":122313,"comment_status":"","ping_status":"","sticky":false,"template":"","format":"standard","meta":{"footnotes":""},"categories":[65],"tags":[72,70,71,12674,2302,291,349,34,31,33,32,30],"class_list":{"0":"post-122312","1":"post","2":"type-post","3":"status-publish","4":"format-standard","5":"has-post-thumbnail","7":"category-ekonomi","8":"tag-business","9":"tag-economy","10":"tag-ekonomi","11":"tag-elnat","12":"tag-elpriser","13":"tag-energi-ravaror","14":"tag-privatekonomi","15":"tag-se","16":"tag-svenska","17":"tag-sverige","18":"tag-sweden","19":"tag-swedish"},"share_on_mastodon":{"url":"https:\/\/pubeurope.com\/@se\/115818524996466061","error":""},"_links":{"self":[{"href":"https:\/\/www.europesays.com\/se\/wp-json\/wp\/v2\/posts\/122312","targetHints":{"allow":["GET"]}}],"collection":[{"href":"https:\/\/www.europesays.com\/se\/wp-json\/wp\/v2\/posts"}],"about":[{"href":"https:\/\/www.europesays.com\/se\/wp-json\/wp\/v2\/types\/post"}],"author":[{"embeddable":true,"href":"https:\/\/www.europesays.com\/se\/wp-json\/wp\/v2\/users\/2"}],"replies":[{"embeddable":true,"href":"https:\/\/www.europesays.com\/se\/wp-json\/wp\/v2\/comments?post=122312"}],"version-history":[{"count":0,"href":"https:\/\/www.europesays.com\/se\/wp-json\/wp\/v2\/posts\/122312\/revisions"}],"wp:featuredmedia":[{"embeddable":true,"href":"https:\/\/www.europesays.com\/se\/wp-json\/wp\/v2\/media\/122313"}],"wp:attachment":[{"href":"https:\/\/www.europesays.com\/se\/wp-json\/wp\/v2\/media?parent=122312"}],"wp:term":[{"taxonomy":"category","embeddable":true,"href":"https:\/\/www.europesays.com\/se\/wp-json\/wp\/v2\/categories?post=122312"},{"taxonomy":"post_tag","embeddable":true,"href":"https:\/\/www.europesays.com\/se\/wp-json\/wp\/v2\/tags?post=122312"}],"curies":[{"name":"wp","href":"https:\/\/api.w.org\/{rel}","templated":true}]}}