{"id":122314,"date":"2026-01-01T06:56:18","date_gmt":"2026-01-01T06:56:18","guid":{"rendered":"https:\/\/www.europesays.com\/se\/122314\/"},"modified":"2026-01-01T06:56:18","modified_gmt":"2026-01-01T06:56:18","slug":"ishockey-mackinnon-firade-os-plats-med-mal-400","status":"publish","type":"post","link":"https:\/\/www.europesays.com\/se\/122314\/","title":{"rendered":"Ishockey: MacKinnon firade OS-plats med m\u00e5l 400"},"content":{"rendered":"<p>Kanada presenterade sin OS-trupp p\u00e5 onsdagen, f\u00f6ga f\u00f6rv\u00e5nande var Colorados assisterande lagkapten Nathan MacKinnon en av de uttagna.<\/p>\n<p>MacKinnon fick fira milstolpen p\u00e5 isen, eftersom Colorado bara n\u00e5gra timmar senare m\u00f6tte St Louis hemma i Ball Arena i Denver. Blott tre minuter in i matchen n\u00e5dde 30-\u00e5ringen \u00e4nnu en milstolpe.<\/p>\n<p>Efter att Josh Manson f\u00e5tt in pucken precis framf\u00f6r m\u00e5l kunde MacKinnon peta in m\u00e5l nummer 400 i NHL.<\/p>\n<p>Vill vinna Stanley Cup igen<\/p>\n<p>Colorado stod f\u00f6r en riktig rivstart, en minut in i matchen hade Valerij Nitjusjkin satt 1\u20130. Knappt fyra minuter senare var st\u00e4llningen 4\u20130 efter m\u00e5l 400 och 401 fr\u00e5n MacKinnon och ytterligare ett fr\u00e5n Nitjusjkin \u2013 Cale Makar fick dessutom mitt i stimmet ett m\u00e5l bortd\u00f6mt.<\/p>\n<p>\u2013 Det var riktigt kul att spela, jag hade inte f\u00f6rv\u00e4ntat mig det h\u00e4r. Jag f\u00f6rs\u00f6ker bara g\u00f6ra mitt b\u00e4sta f\u00f6r laget och vara den b\u00e4sta spelaren. Vi har en Stanley Cup sedan tidigare men det vore trevligt att vinna en till, s\u00e4ger MacKinnon till NHL.com. <\/p>\n<p>Innan matchen var slut hade Nitjusjkin hunnit g\u00f6ra ytterligare ett m\u00e5l och MacKinnon tv\u00e5 assist.<\/p>\n<p>Sveriges OS-trupp, dit deras lagkamrat och kapten Gabriel Landeskog redan \u00e4r uttagen, presenteras under fredagseftermiddagen. <\/p>\n","protected":false},"excerpt":{"rendered":"Kanada presenterade sin OS-trupp p\u00e5 onsdagen, f\u00f6ga f\u00f6rv\u00e5nande var Colorados assisterande lagkapten Nathan MacKinnon en av de uttagna.&hellip;\n","protected":false},"author":2,"featured_media":122315,"comment_status":"","ping_status":"","sticky":false,"template":"","format":"standard","meta":{"footnotes":""},"categories":[5],"tags":[22,23,26,27,17,21,24,25,28,29,15,16,18,34,31,33,32,30,19,20],"class_list":{"0":"post-122314","1":"post","2":"type-post","3":"status-publish","4":"format-standard","5":"has-post-thumbnail","7":"category-rubriker","8":"tag-breaking-news","9":"tag-breakingnews","10":"tag-featured-news","11":"tag-featurednews","12":"tag-headlines","13":"tag-huvudnyheter","14":"tag-latest-news","15":"tag-latestnews","16":"tag-main-news","17":"tag-mainnews","18":"tag-news","19":"tag-nyheter","20":"tag-rubriker","21":"tag-se","22":"tag-svenska","23":"tag-sverige","24":"tag-sweden","25":"tag-swedish","26":"tag-top-stories","27":"tag-topstories"},"share_on_mastodon":{"url":"https:\/\/pubeurope.com\/@se\/115818540701133562","error":""},"_links":{"self":[{"href":"https:\/\/www.europesays.com\/se\/wp-json\/wp\/v2\/posts\/122314","targetHints":{"allow":["GET"]}}],"collection":[{"href":"https:\/\/www.europesays.com\/se\/wp-json\/wp\/v2\/posts"}],"about":[{"href":"https:\/\/www.europesays.com\/se\/wp-json\/wp\/v2\/types\/post"}],"author":[{"embeddable":true,"href":"https:\/\/www.europesays.com\/se\/wp-json\/wp\/v2\/users\/2"}],"replies":[{"embeddable":true,"href":"https:\/\/www.europesays.com\/se\/wp-json\/wp\/v2\/comments?post=122314"}],"version-history":[{"count":0,"href":"https:\/\/www.europesays.com\/se\/wp-json\/wp\/v2\/posts\/122314\/revisions"}],"wp:featuredmedia":[{"embeddable":true,"href":"https:\/\/www.europesays.com\/se\/wp-json\/wp\/v2\/media\/122315"}],"wp:attachment":[{"href":"https:\/\/www.europesays.com\/se\/wp-json\/wp\/v2\/media?parent=122314"}],"wp:term":[{"taxonomy":"category","embeddable":true,"href":"https:\/\/www.europesays.com\/se\/wp-json\/wp\/v2\/categories?post=122314"},{"taxonomy":"post_tag","embeddable":true,"href":"https:\/\/www.europesays.com\/se\/wp-json\/wp\/v2\/tags?post=122314"}],"curies":[{"name":"wp","href":"https:\/\/api.w.org\/{rel}","templated":true}]}}