{"id":122320,"date":"2026-01-01T07:02:07","date_gmt":"2026-01-01T07:02:07","guid":{"rendered":"https:\/\/www.europesays.com\/se\/122320\/"},"modified":"2026-01-01T07:02:07","modified_gmt":"2026-01-01T07:02:07","slug":"musks-ai-bolag-trappar-upp-satsning-pa-datacenter","status":"publish","type":"post","link":"https:\/\/www.europesays.com\/se\/122320\/","title":{"rendered":"Musks AI-bolag trappar upp satsning p\u00e5 datacenter"},"content":{"rendered":"<p>AI-bolaget X\u202fAI med Elon Musk i spetsen \u00e4r p\u00e5 v\u00e4g att bygga ut sitt datacenterkomplex i Memphis, efter att ha k\u00f6pt n\u00e4rliggande hallar. Det rapporterar The Information som h\u00e4nvisar till k\u00e4llor. <\/p>\n<p>Det f\u00f6rsta datacentret \u00e4r k\u00e4nt som Colossus och Musk \u00e4r allts\u00e5 nu p\u00e5 v\u00e4g att etablera ytterligare en anl\u00e4ggning som kallas Colossus 2. <\/p>\n<p>Omni \u00e4r politiskt obundna och oberoende. Vi str\u00e4var efter att ge fler perspektiv p\u00e5 nyheterna. Har du fr\u00e5gor eller synpunkter kring v\u00e5r rapportering? <a href=\"https:\/\/omni.se\/kallor-musks-ai-bolag-trappar-upp-satsning-pa-datacenter\/a\/mailto:redaktion@omni.se\" class=\"ArticleActions_contactLink__W2F1M\" rel=\"nofollow noopener\" target=\"_blank\">Kontakta redaktionen<\/a><\/p>\n","protected":false},"excerpt":{"rendered":"AI-bolaget X\u202fAI med Elon Musk i spetsen \u00e4r p\u00e5 v\u00e4g att bygga ut sitt datacenterkomplex i Memphis, efter&hellip;\n","protected":false},"author":2,"featured_media":122321,"comment_status":"","ping_status":"","sticky":false,"template":"","format":"standard","meta":{"footnotes":""},"categories":[65],"tags":[466,72,333,70,71,704,334,268,34,31,33,32,30,74,703],"class_list":{"0":"post-122320","1":"post","2":"type-post","3":"status-publish","4":"format-standard","5":"has-post-thumbnail","7":"category-ekonomi","8":"tag-artificiell-intelligens","9":"tag-business","10":"tag-data","11":"tag-economy","12":"tag-ekonomi","13":"tag-elon-musk","14":"tag-it-hogteknologi","15":"tag-nordamerika","16":"tag-se","17":"tag-svenska","18":"tag-sverige","19":"tag-sweden","20":"tag-swedish","21":"tag-usa","22":"tag-x-ai"},"share_on_mastodon":{"url":"https:\/\/pubeurope.com\/@se\/115818564368168413","error":""},"_links":{"self":[{"href":"https:\/\/www.europesays.com\/se\/wp-json\/wp\/v2\/posts\/122320","targetHints":{"allow":["GET"]}}],"collection":[{"href":"https:\/\/www.europesays.com\/se\/wp-json\/wp\/v2\/posts"}],"about":[{"href":"https:\/\/www.europesays.com\/se\/wp-json\/wp\/v2\/types\/post"}],"author":[{"embeddable":true,"href":"https:\/\/www.europesays.com\/se\/wp-json\/wp\/v2\/users\/2"}],"replies":[{"embeddable":true,"href":"https:\/\/www.europesays.com\/se\/wp-json\/wp\/v2\/comments?post=122320"}],"version-history":[{"count":0,"href":"https:\/\/www.europesays.com\/se\/wp-json\/wp\/v2\/posts\/122320\/revisions"}],"wp:featuredmedia":[{"embeddable":true,"href":"https:\/\/www.europesays.com\/se\/wp-json\/wp\/v2\/media\/122321"}],"wp:attachment":[{"href":"https:\/\/www.europesays.com\/se\/wp-json\/wp\/v2\/media?parent=122320"}],"wp:term":[{"taxonomy":"category","embeddable":true,"href":"https:\/\/www.europesays.com\/se\/wp-json\/wp\/v2\/categories?post=122320"},{"taxonomy":"post_tag","embeddable":true,"href":"https:\/\/www.europesays.com\/se\/wp-json\/wp\/v2\/tags?post=122320"}],"curies":[{"name":"wp","href":"https:\/\/api.w.org\/{rel}","templated":true}]}}