{"id":122322,"date":"2026-01-01T07:03:09","date_gmt":"2026-01-01T07:03:09","guid":{"rendered":"https:\/\/www.europesays.com\/se\/122322\/"},"modified":"2026-01-01T07:03:09","modified_gmt":"2026-01-01T07:03:09","slug":"mamdani-insvuren-blir-forsta-muslimska-borgmastaren","status":"publish","type":"post","link":"https:\/\/www.europesays.com\/se\/122322\/","title":{"rendered":"Mamdani insvuren \u2013 blir f\u00f6rsta muslimska borgm\u00e4staren"},"content":{"rendered":"<p>Zohran Mamdani har svurits in som New Yorks nya borgm\u00e4stare p\u00e5 torsdagen, rapporterar New York Times. Ceremonin h\u00f6lls vid midnatt i en st\u00e4ngd tunnelbanestation.<\/p>\n<p>V\u00e4nsterpolitikern Mamdani blir stadens f\u00f6rsta muslimska borgm\u00e4stare. Han har lovat att inf\u00f6ra gratis bussar, frysta hyror och allm\u00e4n f\u00f6rskola. Han svors in av delstatens justitieminister Letitia James, k\u00e4nd f\u00f6r att ha drivit r\u00e4ttsprocesser mot Donald Trump.<\/p>\n<p>Senare under torsdagen v\u00e4ntas en st\u00f6rre ceremoni med tal av senator Bernie Sanders och kongressledamoten Alexandria Ocasio-Cortez. <\/p>\n<p>Omni \u00e4r politiskt obundna och oberoende. Vi str\u00e4var efter att ge fler perspektiv p\u00e5 nyheterna. Har du fr\u00e5gor eller synpunkter kring v\u00e5r rapportering? <a href=\"https:\/\/omni.se\/mamdani-insvuren-blir-forsta-muslimska-borgmastaren\/a\/mailto:redaktion@omni.se\" class=\"ArticleActions_contactLink__W2F1M\" rel=\"nofollow noopener\" target=\"_blank\">Kontakta redaktionen<\/a><\/p>\n","protected":false},"excerpt":{"rendered":"Zohran Mamdani har svurits in som New Yorks nya borgm\u00e4stare p\u00e5 torsdagen, rapporterar New York Times. Ceremonin h\u00f6lls&hellip;\n","protected":false},"author":2,"featured_media":122323,"comment_status":"","ping_status":"","sticky":false,"template":"","format":"standard","meta":{"footnotes":""},"categories":[14],"tags":[12389,22,23,26,27,17,21,24,25,28,29,15,16,18,34,31,33,32,30,19,20,51,52,53,54],"class_list":{"0":"post-122322","1":"post","2":"type-post","3":"status-publish","4":"format-standard","5":"has-post-thumbnail","7":"category-varlden","8":"tag-drafter","9":"tag-breaking-news","10":"tag-breakingnews","11":"tag-featured-news","12":"tag-featurednews","13":"tag-headlines","14":"tag-huvudnyheter","15":"tag-latest-news","16":"tag-latestnews","17":"tag-main-news","18":"tag-mainnews","19":"tag-news","20":"tag-nyheter","21":"tag-rubriker","22":"tag-se","23":"tag-svenska","24":"tag-sverige","25":"tag-sweden","26":"tag-swedish","27":"tag-top-stories","28":"tag-topstories","29":"tag-varlden","30":"tag-world","31":"tag-world-news","32":"tag-worldnews"},"share_on_mastodon":{"url":"https:\/\/pubeurope.com\/@se\/115818568271797084","error":""},"_links":{"self":[{"href":"https:\/\/www.europesays.com\/se\/wp-json\/wp\/v2\/posts\/122322","targetHints":{"allow":["GET"]}}],"collection":[{"href":"https:\/\/www.europesays.com\/se\/wp-json\/wp\/v2\/posts"}],"about":[{"href":"https:\/\/www.europesays.com\/se\/wp-json\/wp\/v2\/types\/post"}],"author":[{"embeddable":true,"href":"https:\/\/www.europesays.com\/se\/wp-json\/wp\/v2\/users\/2"}],"replies":[{"embeddable":true,"href":"https:\/\/www.europesays.com\/se\/wp-json\/wp\/v2\/comments?post=122322"}],"version-history":[{"count":0,"href":"https:\/\/www.europesays.com\/se\/wp-json\/wp\/v2\/posts\/122322\/revisions"}],"wp:featuredmedia":[{"embeddable":true,"href":"https:\/\/www.europesays.com\/se\/wp-json\/wp\/v2\/media\/122323"}],"wp:attachment":[{"href":"https:\/\/www.europesays.com\/se\/wp-json\/wp\/v2\/media?parent=122322"}],"wp:term":[{"taxonomy":"category","embeddable":true,"href":"https:\/\/www.europesays.com\/se\/wp-json\/wp\/v2\/categories?post=122322"},{"taxonomy":"post_tag","embeddable":true,"href":"https:\/\/www.europesays.com\/se\/wp-json\/wp\/v2\/tags?post=122322"}],"curies":[{"name":"wp","href":"https:\/\/api.w.org\/{rel}","templated":true}]}}