{"id":122332,"date":"2026-01-01T07:12:11","date_gmt":"2026-01-01T07:12:11","guid":{"rendered":"https:\/\/www.europesays.com\/se\/122332\/"},"modified":"2026-01-01T07:12:11","modified_gmt":"2026-01-01T07:12:11","slug":"kollapsar-rysk-kinesiskt-samarbete-i-fritt-fall","status":"publish","type":"post","link":"https:\/\/www.europesays.com\/se\/122332\/","title":{"rendered":"\u201dKollapsar\u201d \u2013 rysk-kinesiskt samarbete i fritt fall"},"content":{"rendered":"<p>\u201dKollapsar\u201d \u2013 rysk-kinesiskt samarbete i fritt fall<\/p>\n<p><strong>Kina \u00e4r en av Rysslands viktigaste handelspartners.<\/strong><\/p>\n<p>Efter den fullskaliga invasionen av Ukraina i februari 2022 \u00f6kade handeln mellan de b\u00e5da l\u00e4nderna till rekordniv\u00e5er.<\/p>\n<p>Bilhandeln \u00e4r inget undantag och kinesiska bilar har str\u00f6mmat in i Ryssland och utgjort en stor del av den ryska bilmarknaden.<\/p>\n<p>Men nu har trenden v\u00e4nt.<\/p>\n<p>\u2013 Importen av kinesiska bilar har kollapsat i \u00e5r, uppger The Moscow Times.<\/p>\n<p><strong>Exporten \u00f6kar<\/strong><\/p>\n<p>Kinas export av bilar har \u00f6kat kraftigt under det senaste \u00e5ret.<\/p>\n<p>De kinesiska bilarna blir allt vanligare, ocks\u00e5 p\u00e5 Europas v\u00e4gar.<\/p>\n<p>\u2013 Under de senaste elva m\u00e5naderna har Kina exporterat \u00f6ver 6 miljoner bilar, uppger tidningen.<\/p>\n<p>\u2013 Det \u00e4r en \u00f6kning med 19 procent j\u00e4mf\u00f6rt med \u00e5ret innan.<\/p>\n<p><strong>Men inte till Ryssland<\/strong><\/p>\n<p>Men trots att Kina exporterar bilar i rekordfart g\u00e5r handeln med Ryssland i motsatt riktning.<\/p>\n<p>\u2013 Tillv\u00e4xten p\u00e5g\u00e5r i alla riktningar, med undantag f\u00f6r Ryssland. 48 procent f\u00e4rre bilar levererades till den ryska marknaden i november, i j\u00e4mf\u00f6relse med f\u00f6r ett \u00e5r sedan, rapporterar tidningen.<\/p>\n<p>\u2013 Kinas totala export till Ryssland minskade med 11,8 procent under \u00e5rets f\u00f6rsta elva m\u00e5nader.<\/p>\n<p><strong>Kommer forts\u00e4tta n\u00e4sta \u00e5r<\/strong><\/p>\n<p>Det fria fallet f\u00f6r den kinesiska bilexporten till Ryssland kommer forts\u00e4tta, enligt flera experter.<\/p>\n<p>\u2013 Denna trend kommer att forts\u00e4tta enligt experter. \u00c5r 2026 kommer marknaden att uppleva en m\u00e4rkbar minskning i f\u00f6rs\u00e4ljningen av nya bilar j\u00e4mf\u00f6rt med h\u00f6sten 2025, s\u00e4ger\u00a0Sergey Tselikov som \u00e4r generaldirekt\u00f6r f\u00f6r analysf\u00f6retaget Autostat, rapporterar The Moscow Times.<\/p>\n<p>L\u00c4S OCKS\u00c5: <a href=\"https:\/\/ekonomibladet.se\/order-fran-putin-ta-over-mer-mark\/\" rel=\"nofollow noopener\" target=\"_blank\">Order fr\u00e5n Putin \u2013 \u201dTa \u00f6ver mer mark\u201d<\/a><\/p>\n<p><strong>Ligger bakom minskningen<\/strong><\/p>\n<p>Den kraftiga minskningen av bilhandel mellan de b\u00e5da stormakterna kan kopplas till en ny avgift som Ryssland inf\u00f6rde i b\u00f6rjan av \u00e5ret, i ett f\u00f6rs\u00f6k att gynna den inhemska bilproduktionen.<\/p>\n<p>\u2013 Kinesiska bilexporter till Ryssland\u00a0\u00f6kade sjufaldig under 2023 j\u00e4mf\u00f6rt med 2022, d\u00e5 v\u00e4sterl\u00e4ndska sanktioner skar av Ryssland, uppger Kyiv Independent.<\/p>\n<p>I b\u00f6rjan av \u00e5ret stod kinesiska bilar f\u00f6r 63 procent av den ryska bilmarknaden, en siffra som Ryssland vill minska.<\/p>\n<p>L\u00c4S MER: <a style=\"color: #0000ff;\" href=\"https:\/\/ekonomibladet.se\/ryskt-sammanbrott-samsta-sedan-70-talet\/\" rel=\"nofollow noopener\" target=\"_blank\">Ryskt sammanbrott \u2013 s\u00e4msta sedan 70-talet <\/a><\/p>\n<p>Foto: President of Russia Office<\/p>\n<p>Text: Redaktionen<\/p>\n","protected":false},"excerpt":{"rendered":"\u201dKollapsar\u201d \u2013 rysk-kinesiskt samarbete i fritt fall Kina \u00e4r en av Rysslands viktigaste handelspartners. Efter den fullskaliga invasionen&hellip;\n","protected":false},"author":2,"featured_media":122333,"comment_status":"","ping_status":"","sticky":false,"template":"","format":"standard","meta":{"footnotes":""},"categories":[14],"tags":[22,23,26,27,17,21,24,25,28,29,15,16,18,34,31,33,32,30,19,20,51,52,53,54],"class_list":{"0":"post-122332","1":"post","2":"type-post","3":"status-publish","4":"format-standard","5":"has-post-thumbnail","7":"category-varlden","8":"tag-breaking-news","9":"tag-breakingnews","10":"tag-featured-news","11":"tag-featurednews","12":"tag-headlines","13":"tag-huvudnyheter","14":"tag-latest-news","15":"tag-latestnews","16":"tag-main-news","17":"tag-mainnews","18":"tag-news","19":"tag-nyheter","20":"tag-rubriker","21":"tag-se","22":"tag-svenska","23":"tag-sverige","24":"tag-sweden","25":"tag-swedish","26":"tag-top-stories","27":"tag-topstories","28":"tag-varlden","29":"tag-world","30":"tag-world-news","31":"tag-worldnews"},"share_on_mastodon":{"url":"https:\/\/pubeurope.com\/@se\/115818603640982720","error":""},"_links":{"self":[{"href":"https:\/\/www.europesays.com\/se\/wp-json\/wp\/v2\/posts\/122332","targetHints":{"allow":["GET"]}}],"collection":[{"href":"https:\/\/www.europesays.com\/se\/wp-json\/wp\/v2\/posts"}],"about":[{"href":"https:\/\/www.europesays.com\/se\/wp-json\/wp\/v2\/types\/post"}],"author":[{"embeddable":true,"href":"https:\/\/www.europesays.com\/se\/wp-json\/wp\/v2\/users\/2"}],"replies":[{"embeddable":true,"href":"https:\/\/www.europesays.com\/se\/wp-json\/wp\/v2\/comments?post=122332"}],"version-history":[{"count":0,"href":"https:\/\/www.europesays.com\/se\/wp-json\/wp\/v2\/posts\/122332\/revisions"}],"wp:featuredmedia":[{"embeddable":true,"href":"https:\/\/www.europesays.com\/se\/wp-json\/wp\/v2\/media\/122333"}],"wp:attachment":[{"href":"https:\/\/www.europesays.com\/se\/wp-json\/wp\/v2\/media?parent=122332"}],"wp:term":[{"taxonomy":"category","embeddable":true,"href":"https:\/\/www.europesays.com\/se\/wp-json\/wp\/v2\/categories?post=122332"},{"taxonomy":"post_tag","embeddable":true,"href":"https:\/\/www.europesays.com\/se\/wp-json\/wp\/v2\/tags?post=122332"}],"curies":[{"name":"wp","href":"https:\/\/api.w.org\/{rel}","templated":true}]}}