{"id":122334,"date":"2026-01-01T07:13:06","date_gmt":"2026-01-01T07:13:06","guid":{"rendered":"https:\/\/www.europesays.com\/se\/122334\/"},"modified":"2026-01-01T07:13:06","modified_gmt":"2026-01-01T07:13:06","slug":"de-utbildas-for-krig-och-forses-med-liksackar","status":"publish","type":"post","link":"https:\/\/www.europesays.com\/se\/122334\/","title":{"rendered":"De utbildas f\u00f6r krig \u2013 och f\u00f6rses med liks\u00e4ckar"},"content":{"rendered":"<p>\u2013 M\u00e5lbilden \u00e4r att vi n\u00e5gonstans i b\u00f6rjan p\u00e5 30-talet har f\u00f6rdubblat den kommunala r\u00e4ddningstj\u00e4nsten till 32\u00a0000 personer, s\u00e4ger Henrik Larsson, verksamhetschef p\u00e5 Myndigheten f\u00f6r samh\u00e4llsskydd och beredskap (MSB).<\/p>\n<p>N\u00e4r blivande instrukt\u00f6rer inom sk\u00e5nsk r\u00e4ddningstj\u00e4nst utbildas r\u00e5der dystopisk st\u00e4mning i en r\u00e5kall, ruffig milj\u00f6 p\u00e5 \u00f6vningsomr\u00e5det i Helsingborg.<\/p>\n","protected":false},"excerpt":{"rendered":"\u2013 M\u00e5lbilden \u00e4r att vi n\u00e5gonstans i b\u00f6rjan p\u00e5 30-talet har f\u00f6rdubblat den kommunala r\u00e4ddningstj\u00e4nsten till 32\u00a0000 personer,&hellip;\n","protected":false},"author":2,"featured_media":122335,"comment_status":"","ping_status":"","sticky":false,"template":"","format":"standard","meta":{"footnotes":""},"categories":[12],"tags":[22,23,26,27,17,21,24,25,28,29,15,16,18,34,31,33,32,30,19,20],"class_list":{"0":"post-122334","1":"post","2":"type-post","3":"status-publish","4":"format-standard","5":"has-post-thumbnail","7":"category-sverige","8":"tag-breaking-news","9":"tag-breakingnews","10":"tag-featured-news","11":"tag-featurednews","12":"tag-headlines","13":"tag-huvudnyheter","14":"tag-latest-news","15":"tag-latestnews","16":"tag-main-news","17":"tag-mainnews","18":"tag-news","19":"tag-nyheter","20":"tag-rubriker","21":"tag-se","22":"tag-svenska","23":"tag-sverige","24":"tag-sweden","25":"tag-swedish","26":"tag-top-stories","27":"tag-topstories"},"share_on_mastodon":{"url":"","error":""},"_links":{"self":[{"href":"https:\/\/www.europesays.com\/se\/wp-json\/wp\/v2\/posts\/122334","targetHints":{"allow":["GET"]}}],"collection":[{"href":"https:\/\/www.europesays.com\/se\/wp-json\/wp\/v2\/posts"}],"about":[{"href":"https:\/\/www.europesays.com\/se\/wp-json\/wp\/v2\/types\/post"}],"author":[{"embeddable":true,"href":"https:\/\/www.europesays.com\/se\/wp-json\/wp\/v2\/users\/2"}],"replies":[{"embeddable":true,"href":"https:\/\/www.europesays.com\/se\/wp-json\/wp\/v2\/comments?post=122334"}],"version-history":[{"count":0,"href":"https:\/\/www.europesays.com\/se\/wp-json\/wp\/v2\/posts\/122334\/revisions"}],"wp:featuredmedia":[{"embeddable":true,"href":"https:\/\/www.europesays.com\/se\/wp-json\/wp\/v2\/media\/122335"}],"wp:attachment":[{"href":"https:\/\/www.europesays.com\/se\/wp-json\/wp\/v2\/media?parent=122334"}],"wp:term":[{"taxonomy":"category","embeddable":true,"href":"https:\/\/www.europesays.com\/se\/wp-json\/wp\/v2\/categories?post=122334"},{"taxonomy":"post_tag","embeddable":true,"href":"https:\/\/www.europesays.com\/se\/wp-json\/wp\/v2\/tags?post=122334"}],"curies":[{"name":"wp","href":"https:\/\/api.w.org\/{rel}","templated":true}]}}