{"id":122336,"date":"2026-01-01T07:14:16","date_gmt":"2026-01-01T07:14:16","guid":{"rendered":"https:\/\/www.europesays.com\/se\/122336\/"},"modified":"2026-01-01T07:14:16","modified_gmt":"2026-01-01T07:14:16","slug":"flera-doda-i-explosion-i-schweiz","status":"publish","type":"post","link":"https:\/\/www.europesays.com\/se\/122336\/","title":{"rendered":"Flera d\u00f6da i explosion i Schweiz"},"content":{"rendered":"<p>Flera personer har omkommit efter en explosion i en bar i skidorten Crans-Montana i Schweiz. Explosionen ledde till en brand med v\u00e5ldsamt f\u00f6rlopp mitt under ny\u00e5rsfirandet. <\/p>\n<p>Flera personer har dessutom skadats, enligt den lokala polisen. <\/p>\n<p>\u2013 En explosion har intr\u00e4ffat, av ok\u00e4nd anledning, s\u00e4ger polisens talesperson Gaetan Lathion till nyhetsbyr\u00e5n AFP. <\/p>\n<p>Explosionen och den efterf\u00f6ljande branden i den popul\u00e4ra och v\u00e4lbes\u00f6kta baren Le Constellation intr\u00e4ffade vid 01.30-tiden natten mot ny\u00e5rsdagen. <\/p>\n","protected":false},"excerpt":{"rendered":"Flera personer har omkommit efter en explosion i en bar i skidorten Crans-Montana i Schweiz. Explosionen ledde till&hellip;\n","protected":false},"author":2,"featured_media":793,"comment_status":"","ping_status":"","sticky":false,"template":"","format":"standard","meta":{"footnotes":""},"categories":[5],"tags":[22,23,26,27,17,21,24,25,28,29,15,16,18,34,31,33,32,30,19,20],"class_list":{"0":"post-122336","1":"post","2":"type-post","3":"status-publish","4":"format-standard","5":"has-post-thumbnail","7":"category-rubriker","8":"tag-breaking-news","9":"tag-breakingnews","10":"tag-featured-news","11":"tag-featurednews","12":"tag-headlines","13":"tag-huvudnyheter","14":"tag-latest-news","15":"tag-latestnews","16":"tag-main-news","17":"tag-mainnews","18":"tag-news","19":"tag-nyheter","20":"tag-rubriker","21":"tag-se","22":"tag-svenska","23":"tag-sverige","24":"tag-sweden","25":"tag-swedish","26":"tag-top-stories","27":"tag-topstories"},"share_on_mastodon":{"url":"https:\/\/pubeurope.com\/@se\/115818611542780224","error":""},"_links":{"self":[{"href":"https:\/\/www.europesays.com\/se\/wp-json\/wp\/v2\/posts\/122336","targetHints":{"allow":["GET"]}}],"collection":[{"href":"https:\/\/www.europesays.com\/se\/wp-json\/wp\/v2\/posts"}],"about":[{"href":"https:\/\/www.europesays.com\/se\/wp-json\/wp\/v2\/types\/post"}],"author":[{"embeddable":true,"href":"https:\/\/www.europesays.com\/se\/wp-json\/wp\/v2\/users\/2"}],"replies":[{"embeddable":true,"href":"https:\/\/www.europesays.com\/se\/wp-json\/wp\/v2\/comments?post=122336"}],"version-history":[{"count":0,"href":"https:\/\/www.europesays.com\/se\/wp-json\/wp\/v2\/posts\/122336\/revisions"}],"wp:featuredmedia":[{"embeddable":true,"href":"https:\/\/www.europesays.com\/se\/wp-json\/wp\/v2\/media\/793"}],"wp:attachment":[{"href":"https:\/\/www.europesays.com\/se\/wp-json\/wp\/v2\/media?parent=122336"}],"wp:term":[{"taxonomy":"category","embeddable":true,"href":"https:\/\/www.europesays.com\/se\/wp-json\/wp\/v2\/categories?post=122336"},{"taxonomy":"post_tag","embeddable":true,"href":"https:\/\/www.europesays.com\/se\/wp-json\/wp\/v2\/tags?post=122336"}],"curies":[{"name":"wp","href":"https:\/\/api.w.org\/{rel}","templated":true}]}}