{"id":12234,"date":"2025-08-24T06:16:32","date_gmt":"2025-08-24T06:16:32","guid":{"rendered":"https:\/\/www.europesays.com\/se\/12234\/"},"modified":"2025-08-24T06:16:32","modified_gmt":"2025-08-24T06:16:32","slug":"uppgifter-sags-vid-port-innan-bilexplosionen-i-ostberga-krim","status":"publish","type":"post","link":"https:\/\/www.europesays.com\/se\/12234\/","title":{"rendered":"Uppgifter: S\u00e5gs vid port innan bilexplosionen i \u00d6stberga | Krim"},"content":{"rendered":"<p>Publicerad 23 aug 2025 kl 08.17Uppdaterad kl 15.31<\/p>\n<p>En person dog i en explosion utomhus i \u00d6stberga i s\u00f6dra Stockholm p\u00e5 fredagskv\u00e4llen.<\/p>\n<p>Den d\u00f6da \u00e4r \u00e4nnu inte identifierad.\u00a0<\/p>\n<p>Men enligt uppgifter till Expressen \u00e4r det en man som sj\u00e4lv kan ha burit p\u00e5 det som detonerade.\u00a0<\/p>\n<p>Kameran f\u00e5ngar kraftiga sm\u00e4llen n\u00e4r bilen exploderar.<img loading=\"lazy\"   alt=\"\"\/><\/p>\n<p>Bilen exploderade i ett bostadsomr\u00e5de i \u00d6stberga i s\u00f6dra Stockholm.<\/p>\n<p>Foto: Janne \u00c5kesson \/ Swepix<\/p>\n<p>\u00d6ppna bild i helsk\u00e4rm<img loading=\"lazy\"   alt=\"\"\/><\/p>\n<p>En omfattande insats med polis, r\u00e4ddningstj\u00e4nst och ambulans p\u00e5gick under fredagskv\u00e4llen och natten mot l\u00f6rdag.<\/p>\n<p>Foto: Janne \u00c5kesson \/ Swepix<\/p>\n<p>\u00d6ppna bild i helsk\u00e4rm<\/p>\n<p>Vid 21-tiden p\u00e5 fredagen larmades polisen om en <a href=\"https:\/\/www.expressen.se\/nyheter\/sverige\/explosion-i-sodra-stockholm-omfattande-insats\/\" rel=\"nofollow noopener\" target=\"_blank\">kraftig sm\u00e4ll i \u00d6stberga i s\u00f6dra Stockholm<\/a>. En bil exploderade mitt p\u00e5 gatan i bostadsomr\u00e5det och en person dog.\u00a0<\/p>\n<p>\u2013 Vi utg\u00e5r ifr\u00e5n att n\u00e5got har exploderat som sedan har f\u00e5tt bilen att explodera, sa polisens presstalesperson Mats Eriksson p\u00e5 fredagen.<\/p>\n<p>Den d\u00f6da \u00e4r inte identifierad, men enligt uppgifter till Expressen \u00e4r det en man.\u00a0<\/p>\n<p>Han kan sj\u00e4lv ha burit p\u00e5 det som detonerade, erfar Expressen. Mannen ska ha setts f\u00f6rs\u00f6ka t\u00e4nda n\u00e5gonting i en port men avbrutits och sprungit fr\u00e5n platsen. Kort d\u00e4refter skedde explosionen, enligt uppgifter till Expressen.<\/p>\n<p>\u2013 Det skulle kunna vara s\u00e5, men det \u00e4r f\u00f6r tidigt f\u00f6r att s\u00e4ga n\u00e5gonting om. N\u00e4r vi f\u00e5tt resultatet fr\u00e5n den tekniska utredningen och lagt ihop alla f\u00f6rh\u00f6r s\u00e5 kommer vi att veta mer, s\u00e4ger polisens presstalesperson Per Fahlstr\u00f6m.<\/p>\n<p>Den d\u00f6da hittades \u201di anslutning till bilen\u201d, enligt polisen som inte vill g\u00e5 in p\u00e5 n\u00e4rmare detaljer.\u00a0<\/p>\n<p>Omfattande insats\u00a0<\/p>\n<p>Under natten mot l\u00f6rdag p\u00e5gick en omfattande polisinsats, med en stor avsp\u00e4rrning p\u00e5 plats.<\/p>\n<p>Samtidigt utreder polisen p\u00e5 om det finns n\u00e5gra kopplingar till <a href=\"https:\/\/www.expressen.se\/nyheter\/sverige\/explosion-i-sodertalje-a7jua\/\" rel=\"nofollow noopener\" target=\"_blank\">nattens explosion i S\u00f6dert\u00e4lje<\/a> eller till organiserad brottslighet.<\/p>\n<p>\u2013 Det \u00e4r rutin i den h\u00e4r typen av fall, s\u00e4ger Per Fahlstr\u00f6m.<\/p>\n<p>Inventerar kameror<\/p>\n<p>H\u00e4ndelsen utreds som mord, allm\u00e4nfarlig \u00f6del\u00e4ggelse samt grovt brott mot lagen om brandfarliga och explosiva varor.<\/p>\n<p>\u2013 F\u00f6runders\u00f6kningen p\u00e5g\u00e5r f\u00f6r fullt och vi kommer att ha en ut\u00f6kad polisi\u00e4r n\u00e4rvaro p\u00e5 plats i \u00d6stberga under dagen. Bland annat ska vi inventera kameror och forts\u00e4tta knacka d\u00f6rr, s\u00e4ger Per Fahlstr\u00f6m.<\/p>\n<p>Stadsdelsf\u00f6rvaltningen skriver p\u00e5 Facebook att de under dagen kommer att ha krisst\u00f6d p\u00e5 plats vid \u00d6stberga torg och \u00d6stberga kulturhus.<\/p>\n<p><strong>L\u00c4S MER: <\/strong><a href=\"https:\/\/www.expressen.se\/nyheter\/sverige\/explosion-i-sodertalje-a7jua\/\" class=\"\" rel=\"nofollow noopener\" target=\"_blank\">Explosion i S\u00f6dert\u00e4lje<\/a><\/p>\n","protected":false},"excerpt":{"rendered":"Publicerad 23 aug 2025 kl 08.17Uppdaterad kl 15.31 En person dog i en explosion utomhus i \u00d6stberga i&hellip;\n","protected":false},"author":2,"featured_media":12235,"comment_status":"","ping_status":"","sticky":false,"template":"","format":"standard","meta":{"footnotes":""},"categories":[5],"tags":[22,23,26,27,17,21,24,25,1656,28,29,15,16,18,34,666,31,33,32,30,19,1619,20],"class_list":{"0":"post-12234","1":"post","2":"type-post","3":"status-publish","4":"format-standard","5":"has-post-thumbnail","7":"category-rubriker","8":"tag-breaking-news","9":"tag-breakingnews","10":"tag-featured-news","11":"tag-featurednews","12":"tag-headlines","13":"tag-huvudnyheter","14":"tag-latest-news","15":"tag-latestnews","16":"tag-location-ostberga","17":"tag-main-news","18":"tag-mainnews","19":"tag-news","20":"tag-nyheter","21":"tag-rubriker","22":"tag-se","23":"tag-sections-krim","24":"tag-svenska","25":"tag-sverige","26":"tag-sweden","27":"tag-swedish","28":"tag-top-stories","29":"tag-topic-brand-explosion","30":"tag-topstories"},"share_on_mastodon":{"url":"","error":""},"_links":{"self":[{"href":"https:\/\/www.europesays.com\/se\/wp-json\/wp\/v2\/posts\/12234","targetHints":{"allow":["GET"]}}],"collection":[{"href":"https:\/\/www.europesays.com\/se\/wp-json\/wp\/v2\/posts"}],"about":[{"href":"https:\/\/www.europesays.com\/se\/wp-json\/wp\/v2\/types\/post"}],"author":[{"embeddable":true,"href":"https:\/\/www.europesays.com\/se\/wp-json\/wp\/v2\/users\/2"}],"replies":[{"embeddable":true,"href":"https:\/\/www.europesays.com\/se\/wp-json\/wp\/v2\/comments?post=12234"}],"version-history":[{"count":0,"href":"https:\/\/www.europesays.com\/se\/wp-json\/wp\/v2\/posts\/12234\/revisions"}],"wp:featuredmedia":[{"embeddable":true,"href":"https:\/\/www.europesays.com\/se\/wp-json\/wp\/v2\/media\/12235"}],"wp:attachment":[{"href":"https:\/\/www.europesays.com\/se\/wp-json\/wp\/v2\/media?parent=12234"}],"wp:term":[{"taxonomy":"category","embeddable":true,"href":"https:\/\/www.europesays.com\/se\/wp-json\/wp\/v2\/categories?post=12234"},{"taxonomy":"post_tag","embeddable":true,"href":"https:\/\/www.europesays.com\/se\/wp-json\/wp\/v2\/tags?post=12234"}],"curies":[{"name":"wp","href":"https:\/\/api.w.org\/{rel}","templated":true}]}}