{"id":122343,"date":"2026-01-01T07:21:17","date_gmt":"2026-01-01T07:21:17","guid":{"rendered":"https:\/\/www.europesays.com\/se\/122343\/"},"modified":"2026-01-01T07:21:17","modified_gmt":"2026-01-01T07:21:17","slug":"gotlandska-skisser-som-inte-annu-blivit-verklighet","status":"publish","type":"post","link":"https:\/\/www.europesays.com\/se\/122343\/","title":{"rendered":"Gotl\u00e4ndska skisser som inte (\u00e4nnu) blivit verklighet"},"content":{"rendered":"<p class=\"long-read-first-paragraph\">Samh\u00e4llet beh\u00f6ver vision\u00e4rer, s\u00e5dana som v\u00e5gar t\u00e4nka stort \u2013 och som skissar p\u00e5 projekt \u00e4ven om de ter sig orealistiska. En del av ritningarna h\u00e4r kommer ocks\u00e5 fr\u00e5n till exempel detaljplanef\u00f6rslag; de var kanske inte ens t\u00e4nkta att realiseras, utan \u00e4r mer en visualisering av hur det skulle kunna bli.Detta blir d\u00e4rf\u00f6r en liten odyss\u00e9 \u00f6ver hur det skulle kunna se ut p\u00e5 <\/p>\n","protected":false},"excerpt":{"rendered":"Samh\u00e4llet beh\u00f6ver vision\u00e4rer, s\u00e5dana som v\u00e5gar t\u00e4nka stort \u2013 och som skissar p\u00e5 projekt \u00e4ven om de ter&hellip;\n","protected":false},"author":2,"featured_media":122344,"comment_status":"","ping_status":"","sticky":false,"template":"","format":"standard","meta":{"footnotes":""},"categories":[12],"tags":[22,23,26,27,17,21,24,25,28,29,15,16,18,34,31,33,32,30,19,20],"class_list":{"0":"post-122343","1":"post","2":"type-post","3":"status-publish","4":"format-standard","5":"has-post-thumbnail","7":"category-sverige","8":"tag-breaking-news","9":"tag-breakingnews","10":"tag-featured-news","11":"tag-featurednews","12":"tag-headlines","13":"tag-huvudnyheter","14":"tag-latest-news","15":"tag-latestnews","16":"tag-main-news","17":"tag-mainnews","18":"tag-news","19":"tag-nyheter","20":"tag-rubriker","21":"tag-se","22":"tag-svenska","23":"tag-sverige","24":"tag-sweden","25":"tag-swedish","26":"tag-top-stories","27":"tag-topstories"},"share_on_mastodon":{"url":"https:\/\/pubeurope.com\/@se\/115818639012822798","error":""},"_links":{"self":[{"href":"https:\/\/www.europesays.com\/se\/wp-json\/wp\/v2\/posts\/122343","targetHints":{"allow":["GET"]}}],"collection":[{"href":"https:\/\/www.europesays.com\/se\/wp-json\/wp\/v2\/posts"}],"about":[{"href":"https:\/\/www.europesays.com\/se\/wp-json\/wp\/v2\/types\/post"}],"author":[{"embeddable":true,"href":"https:\/\/www.europesays.com\/se\/wp-json\/wp\/v2\/users\/2"}],"replies":[{"embeddable":true,"href":"https:\/\/www.europesays.com\/se\/wp-json\/wp\/v2\/comments?post=122343"}],"version-history":[{"count":0,"href":"https:\/\/www.europesays.com\/se\/wp-json\/wp\/v2\/posts\/122343\/revisions"}],"wp:featuredmedia":[{"embeddable":true,"href":"https:\/\/www.europesays.com\/se\/wp-json\/wp\/v2\/media\/122344"}],"wp:attachment":[{"href":"https:\/\/www.europesays.com\/se\/wp-json\/wp\/v2\/media?parent=122343"}],"wp:term":[{"taxonomy":"category","embeddable":true,"href":"https:\/\/www.europesays.com\/se\/wp-json\/wp\/v2\/categories?post=122343"},{"taxonomy":"post_tag","embeddable":true,"href":"https:\/\/www.europesays.com\/se\/wp-json\/wp\/v2\/tags?post=122343"}],"curies":[{"name":"wp","href":"https:\/\/api.w.org\/{rel}","templated":true}]}}