{"id":122345,"date":"2026-01-01T07:23:02","date_gmt":"2026-01-01T07:23:02","guid":{"rendered":"https:\/\/www.europesays.com\/se\/122345\/"},"modified":"2026-01-01T07:23:02","modified_gmt":"2026-01-01T07:23:02","slug":"fyrverkerier-i-o-vik-detta-galler-allehanda-se","status":"publish","type":"post","link":"https:\/\/www.europesays.com\/se\/122345\/","title":{"rendered":"Fyrverkerier i \u00d6-vik \u2013 detta g\u00e4ller &#8211; Allehanda.se"},"content":{"rendered":"<ol>\n<li><a href=\"https:\/\/news.google.com\/rss\/articles\/CBMiekFVX3lxTE53NExTODhmellmd013U1NiZ3hmZXlFc3FsbmFDUS1ZNHU1VzV1UzB1dldUX3hzWHdtbHlPZlh3ZUZ5T1NUQWdHdWNKZDFtWG44VGlBWjhsbndFSndSREVyS2VjOUd4Z1lxSmNka1had1lxQ01PcG9YeklB?oc=5\" target=\"_blank\" rel=\"nofollow noopener\">Fyrverkerier i \u00d6-vik \u2013 detta g\u00e4ller<\/a>&nbsp;&nbsp;Allehanda.se<\/li>\n<li><a href=\"https:\/\/news.google.com\/rss\/articles\/CBMivgFBVV95cUxOTTExcHVLUEdQVlFFZ2p6bEJ0Q0RzZHZTanctbEhJM2VDbGs3N3hTZ1lweDJjaGVyamFfQVdfUVdlRVFFNi1BU1l1RWVmbjRzelhkVGpfQkRwM1UtYVpTcjRWdUVCYTV2bTYzMG8xckdGNndZdVUyZTNIUnJuSFFJX1V3ZUFGTVk0QS1Oa0F4VkJweUVSS0tQeWxuZXZiM2pqZ2tSY2Z0SzdFcXRreHdYbE5aUDRIdWZiVXRrVkRn?oc=5\" target=\"_blank\" rel=\"nofollow noopener\">Pojke dog av olagliga fyrverkerier \u2013 polisen varnar: Extremt f\u00e5 s\u00f6ker tillst\u00e5nd<\/a>&nbsp;&nbsp;SVT Nyheter<\/li>\n<li><a href=\"https:\/\/news.google.com\/rss\/articles\/CBMifkFVX3lxTE5oeDZmRWpKaUtGd2Joc05icXBrUFdDTmtXVmRrR1kzZUcxd1lsZU01YjBlYlpQU25ob1hhUGU1akVUeUREcEtmbmJIVjlzWGdOUFQyMG9HX2pGZzk3YjVVVy1qN1NnTkk4MmJrX2pxWTJPdnlZNTd6OWdFb1JTQQ?oc=5\" target=\"_blank\" rel=\"nofollow noopener\">Fyrverkerierna delar folket: \u201dVille ha n\u00e5t nytt\u201d<\/a>&nbsp;&nbsp;SvD<\/li>\n<li><a href=\"https:\/\/news.google.com\/rss\/articles\/CBMiowFBVV95cUxOZjVKWmpaSE44RnFTalFjeHlZYnQyVGVrb21rVmt2YWdtMjNOdk5ZZmR1X1RmVm1UdXNrZ2pPV3M2RHJqa2RnNHhWZzlDVDd3aDk5R1JvTUpNU2RqbjZmZ1lzWFFzYlB0bjFRaW4ycXkwaFdLQ1ktYnhmWnN4REl6a2xkQ296cWNva0R4Yl9HZmMwejI2Uy02eHlCRnktZlB3VGtF?oc=5\" target=\"_blank\" rel=\"nofollow noopener\">Mardr\u00f6msafton f\u00f6r skottr\u00e4dda hundar \u2013 d\u00e5 f\u00f6rv\u00e4rrar du det<\/a>&nbsp;&nbsp;Sveriges Radio<\/li>\n<li><a href=\"https:\/\/news.google.com\/rss\/articles\/CBMieEFVX3lxTE44Uno1aG9heXBaV0FlZmxMTG9Pa0ZhNC1tRVRkSnNsTHpPZWt5ajV3bjlZdzNHZWxtRWdvUEVYT1MwODA2LV92Q1MxN2NfT2ZMUkl4VFJ2V0VIWHhmcFRBOXpLaXkxUjhfNGplbDN3d1dMNGh5VC1iaA?oc=5\" target=\"_blank\" rel=\"nofollow noopener\">Fyrverkerier \u2013 det h\u00e4r g\u00e4ller ikv\u00e4ll<\/a>&nbsp;&nbsp;Nerikes Allehanda<\/li>\n<\/ol>\n","protected":false},"excerpt":{"rendered":"Fyrverkerier i \u00d6-vik \u2013 detta g\u00e4ller&nbsp;&nbsp;Allehanda.se Pojke dog av olagliga fyrverkerier \u2013 polisen varnar: Extremt f\u00e5 s\u00f6ker tillst\u00e5nd&nbsp;&nbsp;SVT&hellip;\n","protected":false},"author":2,"featured_media":122346,"comment_status":"","ping_status":"","sticky":false,"template":"","format":"standard","meta":{"footnotes":""},"categories":[5],"tags":[22,23,26,27,17,21,24,25,28,29,15,16,18,34,31,33,32,30,19,20],"class_list":{"0":"post-122345","1":"post","2":"type-post","3":"status-publish","4":"format-standard","5":"has-post-thumbnail","7":"category-rubriker","8":"tag-breaking-news","9":"tag-breakingnews","10":"tag-featured-news","11":"tag-featurednews","12":"tag-headlines","13":"tag-huvudnyheter","14":"tag-latest-news","15":"tag-latestnews","16":"tag-main-news","17":"tag-mainnews","18":"tag-news","19":"tag-nyheter","20":"tag-rubriker","21":"tag-se","22":"tag-svenska","23":"tag-sverige","24":"tag-sweden","25":"tag-swedish","26":"tag-top-stories","27":"tag-topstories"},"share_on_mastodon":{"url":"https:\/\/pubeurope.com\/@se\/115818646926729097","error":""},"_links":{"self":[{"href":"https:\/\/www.europesays.com\/se\/wp-json\/wp\/v2\/posts\/122345","targetHints":{"allow":["GET"]}}],"collection":[{"href":"https:\/\/www.europesays.com\/se\/wp-json\/wp\/v2\/posts"}],"about":[{"href":"https:\/\/www.europesays.com\/se\/wp-json\/wp\/v2\/types\/post"}],"author":[{"embeddable":true,"href":"https:\/\/www.europesays.com\/se\/wp-json\/wp\/v2\/users\/2"}],"replies":[{"embeddable":true,"href":"https:\/\/www.europesays.com\/se\/wp-json\/wp\/v2\/comments?post=122345"}],"version-history":[{"count":0,"href":"https:\/\/www.europesays.com\/se\/wp-json\/wp\/v2\/posts\/122345\/revisions"}],"wp:featuredmedia":[{"embeddable":true,"href":"https:\/\/www.europesays.com\/se\/wp-json\/wp\/v2\/media\/122346"}],"wp:attachment":[{"href":"https:\/\/www.europesays.com\/se\/wp-json\/wp\/v2\/media?parent=122345"}],"wp:term":[{"taxonomy":"category","embeddable":true,"href":"https:\/\/www.europesays.com\/se\/wp-json\/wp\/v2\/categories?post=122345"},{"taxonomy":"post_tag","embeddable":true,"href":"https:\/\/www.europesays.com\/se\/wp-json\/wp\/v2\/tags?post=122345"}],"curies":[{"name":"wp","href":"https:\/\/api.w.org\/{rel}","templated":true}]}}