{"id":122353,"date":"2026-01-01T07:30:38","date_gmt":"2026-01-01T07:30:38","guid":{"rendered":"https:\/\/www.europesays.com\/se\/122353\/"},"modified":"2026-01-01T07:30:38","modified_gmt":"2026-01-01T07:30:38","slug":"01-januari-08-00-sammanfattning-natt-sodermanlands-lan","status":"publish","type":"post","link":"https:\/\/www.europesays.com\/se\/122353\/","title":{"rendered":"01 januari 08.00, Sammanfattning natt, S\u00f6dermanlands l\u00e4n"},"content":{"rendered":"<p>God morgon. Under ny\u00e5rsnatten har polisens regionledningscentral \u00f6st hanterat ett 150-tal \u00e4renden som r\u00f6r S\u00f6dermanlands l\u00e4n. Det har varit ett stort infl\u00f6de av samtal. Det har bland annat r\u00f6rt sig om larm om fyrverkerier samt omh\u00e4ndertagande av berusade personer. Det har ocks\u00e5 inkommit en del samtal om mindre br\u00e4nder utomhus samt larm om personer som skjutit raketer mot varandra och byggnader. Ingen person har skadats allvarligt i samband med detta och vid kontroll av h\u00e4ndelserna har ingen person kunnat antr\u00e4ffas. Polispatruller har under natten arbetat proaktivt med att prata med personer och med synlighet. \u00a0<\/p>\n<p><strong>22:36, Misshandel, Flen<\/strong><br \/>En person ska ha blivit misshandlad i samband med skjutning av fyrverkerier. En ok\u00e4nd person ska ha kommit fram och slagit till ber\u00f6rd i ansiktet. Ingen misst\u00e4nkt finns utpekad och ingen person skadades allvarligt.\u00a0<\/p>\n<p><strong>23:28, V\u00e5llande till kropsskada, Eskilstuna\u00a0<\/strong><br \/>En man i 25-\u00e5rs\u00e5ldern som befann sig p\u00e5 \u00d6ster ska ha f\u00e5tt raketer skjutit n\u00e4ra sig. Mannen ska ha f\u00e5tt ont i \u00f6rat efter h\u00e4ndelsen p\u00e5 grund av det h\u00f6ga ljudet. I anslutning till platsen kontrollerade polispatrull tv\u00e5 ungdomar som hade sm\u00e4llare med sig. Sm\u00e4llarna har tagits i beslag och ungdomarna \u00f6verl\u00e4mnades till v\u00e5rdnadshavare.\u00a0<\/p>\n<p><strong>00:31, Framkallande av fara f\u00f6r annan, Eskilstuna\u00a0<\/strong><br \/>Polis kallades till en butik i Eskilstuna centrum med anledning av ett s\u00e5 kallat \u00f6verfallslarm. P\u00e5 plats ska n\u00e5gon ha varit st\u00f6kig och \u00e4ven t\u00e4nt p\u00e5 raketer inomhus. En man i 20-\u00e5rs\u00e5ldern misst\u00e4nks f\u00f6r framkallande av fara f\u00f6r annan.\u00a0<\/p>\n<p><strong>02:02, Brand, Nyk\u00f6ping<\/strong>\u00a0<br \/>En villa med flera l\u00e4genheter brann under natten i omr\u00e5det Alla Helgona. Alla som befann sig i byggnaden kunde ta sig ut utan skador. En anm\u00e4lan om brand utan misstanke om brott uppr\u00e4ttas.\u00a0<\/p>\n","protected":false},"excerpt":{"rendered":"God morgon. Under ny\u00e5rsnatten har polisens regionledningscentral \u00f6st hanterat ett 150-tal \u00e4renden som r\u00f6r S\u00f6dermanlands l\u00e4n. Det har&hellip;\n","protected":false},"author":2,"featured_media":54,"comment_status":"","ping_status":"","sticky":false,"template":"","format":"standard","meta":{"footnotes":""},"categories":[12],"tags":[22,23,26,27,17,21,24,25,28,29,15,16,18,34,31,33,32,30,19,20],"class_list":{"0":"post-122353","1":"post","2":"type-post","3":"status-publish","4":"format-standard","5":"has-post-thumbnail","7":"category-sverige","8":"tag-breaking-news","9":"tag-breakingnews","10":"tag-featured-news","11":"tag-featurednews","12":"tag-headlines","13":"tag-huvudnyheter","14":"tag-latest-news","15":"tag-latestnews","16":"tag-main-news","17":"tag-mainnews","18":"tag-news","19":"tag-nyheter","20":"tag-rubriker","21":"tag-se","22":"tag-svenska","23":"tag-sverige","24":"tag-sweden","25":"tag-swedish","26":"tag-top-stories","27":"tag-topstories"},"share_on_mastodon":{"url":"https:\/\/pubeurope.com\/@se\/115818674446421640","error":""},"_links":{"self":[{"href":"https:\/\/www.europesays.com\/se\/wp-json\/wp\/v2\/posts\/122353","targetHints":{"allow":["GET"]}}],"collection":[{"href":"https:\/\/www.europesays.com\/se\/wp-json\/wp\/v2\/posts"}],"about":[{"href":"https:\/\/www.europesays.com\/se\/wp-json\/wp\/v2\/types\/post"}],"author":[{"embeddable":true,"href":"https:\/\/www.europesays.com\/se\/wp-json\/wp\/v2\/users\/2"}],"replies":[{"embeddable":true,"href":"https:\/\/www.europesays.com\/se\/wp-json\/wp\/v2\/comments?post=122353"}],"version-history":[{"count":0,"href":"https:\/\/www.europesays.com\/se\/wp-json\/wp\/v2\/posts\/122353\/revisions"}],"wp:featuredmedia":[{"embeddable":true,"href":"https:\/\/www.europesays.com\/se\/wp-json\/wp\/v2\/media\/54"}],"wp:attachment":[{"href":"https:\/\/www.europesays.com\/se\/wp-json\/wp\/v2\/media?parent=122353"}],"wp:term":[{"taxonomy":"category","embeddable":true,"href":"https:\/\/www.europesays.com\/se\/wp-json\/wp\/v2\/categories?post=122353"},{"taxonomy":"post_tag","embeddable":true,"href":"https:\/\/www.europesays.com\/se\/wp-json\/wp\/v2\/tags?post=122353"}],"curies":[{"name":"wp","href":"https:\/\/api.w.org\/{rel}","templated":true}]}}