{"id":122354,"date":"2026-01-01T07:31:23","date_gmt":"2026-01-01T07:31:23","guid":{"rendered":"https:\/\/www.europesays.com\/se\/122354\/"},"modified":"2026-01-01T07:31:23","modified_gmt":"2026-01-01T07:31:23","slug":"01-januari-08-00-sammanfattning-natt-ostergotlands-lan","status":"publish","type":"post","link":"https:\/\/www.europesays.com\/se\/122354\/","title":{"rendered":"01 januari 08.00, Sammanfattning natt, \u00d6sterg\u00f6tlands l\u00e4n"},"content":{"rendered":"<p>God morgon. Under ny\u00e5rsnatten har polisens regionledningscentral \u00f6st hanterat ett 250-tal \u00e4renden som r\u00f6r \u00d6sterg\u00f6tlands l\u00e4n. Det har varit ett stort infl\u00f6de av samtal.\u00a0Det har bland annat r\u00f6rt sig om larm om fyrverkerier samt omh\u00e4ndertagande av berusade personer. Det har ocks\u00e5 inkommit en del samtal om mindre br\u00e4nder utomhus samt larm om personer som skjutit raketer mot varandra och byggnader. Ingen person har skadats allvarligt i samband med detta och vid kontroll av h\u00e4ndelserna har ingen person kunnat antr\u00e4ffas. Polispatruller har under natten arbetat proaktivt med att prata med personer och med synlighet. \u00a0<\/p>\n<p><strong>23:08, Brand i byggnad, Norrk\u00f6ping<\/strong><br \/>En brand uppstod inuti en sopf\u00f6rvaringsplats i omr\u00e5det Skarphagen. Elden spred sig inte vidare till andra byggnader, men det finns skador p\u00e5 ett cykelf\u00f6rr\u00e5d intill. En anm\u00e4lan om skadeg\u00f6relse genom brand uppr\u00e4ttas. Ingen person \u00e4r misst\u00e4nkt.\u00a0<\/p>\n","protected":false},"excerpt":{"rendered":"God morgon. Under ny\u00e5rsnatten har polisens regionledningscentral \u00f6st hanterat ett 250-tal \u00e4renden som r\u00f6r \u00d6sterg\u00f6tlands l\u00e4n. Det har&hellip;\n","protected":false},"author":2,"featured_media":54,"comment_status":"","ping_status":"","sticky":false,"template":"","format":"standard","meta":{"footnotes":""},"categories":[5],"tags":[22,23,26,27,17,21,24,25,28,29,15,16,18,34,31,33,32,30,19,20],"class_list":{"0":"post-122354","1":"post","2":"type-post","3":"status-publish","4":"format-standard","5":"has-post-thumbnail","7":"category-rubriker","8":"tag-breaking-news","9":"tag-breakingnews","10":"tag-featured-news","11":"tag-featurednews","12":"tag-headlines","13":"tag-huvudnyheter","14":"tag-latest-news","15":"tag-latestnews","16":"tag-main-news","17":"tag-mainnews","18":"tag-news","19":"tag-nyheter","20":"tag-rubriker","21":"tag-se","22":"tag-svenska","23":"tag-sverige","24":"tag-sweden","25":"tag-swedish","26":"tag-top-stories","27":"tag-topstories"},"share_on_mastodon":{"url":"https:\/\/pubeurope.com\/@se\/115818678345153459","error":""},"_links":{"self":[{"href":"https:\/\/www.europesays.com\/se\/wp-json\/wp\/v2\/posts\/122354","targetHints":{"allow":["GET"]}}],"collection":[{"href":"https:\/\/www.europesays.com\/se\/wp-json\/wp\/v2\/posts"}],"about":[{"href":"https:\/\/www.europesays.com\/se\/wp-json\/wp\/v2\/types\/post"}],"author":[{"embeddable":true,"href":"https:\/\/www.europesays.com\/se\/wp-json\/wp\/v2\/users\/2"}],"replies":[{"embeddable":true,"href":"https:\/\/www.europesays.com\/se\/wp-json\/wp\/v2\/comments?post=122354"}],"version-history":[{"count":0,"href":"https:\/\/www.europesays.com\/se\/wp-json\/wp\/v2\/posts\/122354\/revisions"}],"wp:featuredmedia":[{"embeddable":true,"href":"https:\/\/www.europesays.com\/se\/wp-json\/wp\/v2\/media\/54"}],"wp:attachment":[{"href":"https:\/\/www.europesays.com\/se\/wp-json\/wp\/v2\/media?parent=122354"}],"wp:term":[{"taxonomy":"category","embeddable":true,"href":"https:\/\/www.europesays.com\/se\/wp-json\/wp\/v2\/categories?post=122354"},{"taxonomy":"post_tag","embeddable":true,"href":"https:\/\/www.europesays.com\/se\/wp-json\/wp\/v2\/tags?post=122354"}],"curies":[{"name":"wp","href":"https:\/\/api.w.org\/{rel}","templated":true}]}}