{"id":122360,"date":"2026-01-01T07:39:11","date_gmt":"2026-01-01T07:39:11","guid":{"rendered":"https:\/\/www.europesays.com\/se\/122360\/"},"modified":"2026-01-01T07:39:11","modified_gmt":"2026-01-01T07:39:11","slug":"sa-blir-arets-politiska-kovandningar","status":"publish","type":"post","link":"https:\/\/www.europesays.com\/se\/122360\/","title":{"rendered":"S\u00e5 blir \u00e5rets politiska kov\u00e4ndningar"},"content":{"rendered":"<p>En partiledare kommer avg\u00e5 \u2013 och r\u00f6da linjer m\u00e5ste brytasshare-arrowDela<\/p>\n<p>unsaveSpara<\/p>\n<p>expand-left<\/p>\n<p>helsk\u00e4rm<img decoding=\"async\" class=\"image-asset hyperion-css-t8cc3s\" data-test-tag=\"image-asset\" src=\"https:\/\/www.europesays.com\/se\/wp-content\/uploads\/2026\/01\/5f83be09-a901-4a1f-a310-47dec74a6254.jpeg\"  alt=\"Vilka partiledare h\u00e5ller sina l\u00f6ften i regeringsfr\u00e5gan under 2026? \"  loading=\"eager\" fetchpriority=\"high\" style=\"aspect-ratio:1900 \/ 1267\"\/>Vilka partiledare h\u00e5ller sina l\u00f6ften i regeringsfr\u00e5gan under 2026? Foto: Christine Olsson\/TT<\/p>\n<p class=\"hyperion-css-1v9qo5x\"><strong>Inf\u00f6r inledningen av<\/strong> fotbollsallsvenskan och SHLinfocloseSHLSvenska Hockeyligan, SHL, \u00e4r h\u00f6gsta niv\u00e5n i ishockeyns seriespel f\u00f6r herrar. finns en tradition inom sportjournalistiken att varje \u00e5r f\u00f6rs\u00f6ka f\u00f6rhandstippa sluttabellen. Det \u00e4r s\u00e5klart en vansklig uppgift. Att komma med tr\u00e4ffs\u00e4kra f\u00f6ruts\u00e4gelser innan en enda match har spelats \u00e4r mer eller mindre om\u00f6jligt. D\u00e4rf\u00f6r kallas det ibland \u201dkamikazetips\u201d. Ingen trodde till exempel redan under f\u00f6rra v\u00e5ren att Mj\u00e4llby AIF skulle st\u00e5 som allsvensk segrare under 2025.<\/p>\n<p class=\"hyperion-css-1v9qo5x\">Tidigare landslagsspelaren Pontus Wernbloom har redan gett sig p\u00e5 att i Sportbladet <a data-test-tag=\"internal-link\" href=\"https:\/\/www.aftonbladet.se\/sportbladet\/fotboll\/a\/7pnazK\/sa-slutar-allsvenskan-2026-wernblooms-kamikazetips\" class=\"hyperion-css-15jkft9\" rel=\"nofollow noopener\" target=\"\" aria-label=\"f\u00f6rs\u00f6ka f\u00f6rutsp\u00e5\" theme=\"opinion\">f\u00f6rs\u00f6ka f\u00f6rutsp\u00e5<\/a> hur allsvenskan ska sluta 2026. Detta innan klubbarnas spelartrupper ens \u00e4r satta.<\/p>\n<p class=\"hyperion-css-1v9qo5x\"><strong>Ledarsidan ska v\u00e4l inte vara s\u00e4mre. Vi har ju tagit klivet in i val\u00e5ret nu. Omv\u00e4rlden m\u00e5 vara os\u00e4ker och mycket kan klart h\u00e4nda som st\u00e4ller allt p\u00e5 \u00e4nda, men l\u00e5t oss \u00e4nd\u00e5 f\u00f6rhandstippa forts\u00e4ttningen i h\u00f6stens sv\u00e4ngigaste politiska f\u00f6ljet\u00e5ng \u2013 regeringsfr\u00e5gan.<\/strong><\/p>\n<p class=\"hyperion-css-1v9qo5x\">H\u00e4r kommer mitt tips f\u00f6r 2026:<\/p>\n<p class=\"hyperion-css-1v9qo5x\">arrow<strong> Centerpartiet kommer peka ut Magdalena Andersson som sin statsministerkandidat.<\/strong><\/p>\n<p class=\"hyperion-css-1v9qo5x\">Innan jul <a aria-label=\"meddelade \" class=\"opinion hyperion-css-15jkft9\" href=\"https:\/\/www.svd.se\/a\/xrRQR8\/elisabeth-thand-ringqvist-vander-i-regeringsfragan-centerpartiet-kan-vanta-med-besked-till-efter-valet\" rel=\"noopener noreferrer nofollow\" data-test-tag=\"external-link\" target=\"_blank\">meddelade <\/a>nytilltr\u00e4dde partiledaren <a data-test-tag=\"internal-link\" href=\"https:\/\/www.aftonbladet.se\/tagg\/elisabeth-thand-ringqvist\" class=\"hyperion-css-15jkft9\" rel=\"nofollow noopener\" target=\"\" aria-label=\"Elisabeth Thand Ringqvist\" theme=\"opinion\">Elisabeth Thand Ringqvist<\/a> att hon inte ser n\u00e5got behov av att peka ut en statsministerkandidat innan valet. <\/p>\n<p class=\"hyperion-css-1v9qo5x\">Uttalandet ger s\u00e4kert en eller annan d\u00e9j\u00e0 vu-k\u00e4nsla. Annie L\u00f6\u00f6f hade samma inst\u00e4llning n\u00e4r val\u00e5ret 2022 inleddes. Det h\u00f6ll inte. Opinionsm\u00e4tningarna \u00e4r \u2013 d\u00e5 som nu \u2013 tydliga med att C-v\u00e4ljarna lutar allt mer \u00e5t v\u00e4nster. De vill se Magdalena Andersson som statsminister. De vill under inga f\u00f6ruts\u00e4ttningar samarbeta med Sverigedemokraterna. <\/p>\n<p class=\"hyperion-css-1v9qo5x\"><a aria-label=\"Enligt medieuppgifter \" class=\"opinion hyperion-css-15jkft9\" href=\"https:\/\/omni.se\/c-kallor-nytt-besked-om-regeringsfragan-inom-kort-rod-linje-mot-v-mjukas-upp\/a\/0Ve2gA\" rel=\"noopener noreferrer nofollow\" data-test-tag=\"external-link\" target=\"_blank\">Enligt medieuppgifter <\/a>var Anna-Karin Hatt i oktober, innan hon avgick, redo att luckra upp sina r\u00f6da linjer mot V\u00e4nsterpartiet. Uppenbarligen fanns d\u00e5 inom C-ledningen en insikt om att v\u00e4ljarna vill se partiet v\u00e4lja sida.<\/p>\n<p class=\"hyperion-css-1v9qo5x\">N\u00e4r Annie L\u00f6\u00f6f s\u00e5g sina siffror droppa under 2022 blev hon med fyra veckor kvar till valet s\u00e5 illa tvungen att ta st\u00e4llning f\u00f6r Magdalena Andersson som sin kandidat. D\u00e5 var partiets opinionssiffror kring sex procent. Nu ligger de ofta under fem procent. Om det inte lyfter inom kort m\u00e5ste n\u00e5got h\u00e4nda.<\/p>\n<p class=\"hyperion-css-1v9qo5x\">Centerpartiets politikertoppar \u00e4r fortfarande klassiskt borgliga och motvilliga till minsta lilla n\u00e4rmande till S, men att g\u00e5 i otakt med sina nya v\u00e4ljargrupper inneb\u00e4r en stor risk. Under val\u00e5r l\u00e5ter partierna \u00f6verlevnadsinstinkten styra.<\/p>\n<p class=\"hyperion-css-1v9qo5x\">arrow<strong> V\u00e4nsterpartiet kommer ludda till sina r\u00f6da linjer<\/strong><\/p>\n<p class=\"hyperion-css-1v9qo5x\">N\u00e4r Centerpartiet v\u00e4l best\u00e4mmer sig f\u00f6r att v\u00e4lja sida kommer de utnyttja det faktum att V\u00e4nsterpartiet gjort ett strategiskt misstag. <a data-test-tag=\"internal-link\" href=\"https:\/\/www.aftonbladet.se\/tagg\/nooshi-dadgostar\" class=\"hyperion-css-15jkft9\" rel=\"nofollow noopener\" target=\"\" aria-label=\"Nooshi Dadgostar\" theme=\"opinion\">Nooshi Dadgostar<\/a> har tagit i f\u00f6r h\u00e5rt n\u00e4r hon utf\u00e4rdat ultimatum om ministerposter. <\/p>\n<p class=\"hyperion-css-1v9qo5x\">Thand Ringqvist kommer sannolikt s\u00e4ga att Centern \u00e4r beredda att ing\u00e5 i ett underlag f\u00f6r en S-ledd regering, men en som inte innefattar v\u00e4nsterpartistiska statsr\u00e5d.<\/p>\n<p class=\"hyperion-css-1v9qo5x\">D\u00e5 hamnar pressen p\u00e5 Nooshi Dadgostar.<\/p>\n<p class=\"hyperion-css-1v9qo5x\">Att f\u00e4lla Stefan L\u00f6fven 2021, n\u00e4r V\u00e4nsterpartiet l\u00e4mnades helt utanf\u00f6r allt inflytande, var en sak. Men att g\u00e5 till val p\u00e5 att g\u00f6ra detsamma n\u00e4r man faktiskt bjuds in som en fullv\u00e4rdig del av ett regeringsunderlag \u00e4r n\u00e5got annat. <\/p>\n<p class=\"hyperion-css-1v9qo5x\">Att det finns tillitsproblem \u00e4r l\u00e4tt att f\u00f6rst\u00e5. Januariavtalets \u201df\u00f6rnedringsklausul\u201d var bisarr och l\u00e4r inte gl\u00f6mmas i f\u00f6rsta taget. Internt i partiet kanske Dadgostars h\u00e5rda linje har visst st\u00f6d. <\/p>\n<p class=\"hyperion-css-1v9qo5x\">Men att hota med att f\u00e4lla Magdalena Andersson kommer inte g\u00e5 hem bland v\u00e4ljarna. Vid en r\u00f6dgr\u00f6n vinst skulle i s\u00e5 fall Dadgostar driva fram ett nyval. Alternativt tvinga Socialdemokraterna att s\u00f6ka ytterligare st\u00f6d till h\u00f6ger.<\/p>\n<p class=\"hyperion-css-1v9qo5x\">Den linjen kommer s\u00e4tta ig\u00e5ng v\u00e4ljarstr\u00f6mmar. Sannolikt till Milj\u00f6partiet eller Socialdemokraterna. D\u00e5 m\u00e5ste V\u00e4nsterpartiet visa att de d\u00e4r ministerkraven kanske visst inte \u00e4r s\u00e5 ultimativa. \u00c5tminstone inte om de kan kompenseras f\u00f6r med sakpolitiskt inflytande.<\/p>\n<p class=\"hyperion-css-1v9qo5x\">arrow<strong> Liberalerna kommer \u00e4ndra sig om Sverigedemokraterna<\/strong><\/p>\n<p class=\"hyperion-css-1v9qo5x\">Trots att Liberalerna under h\u00f6sten tog ett principbeslut om att inte sl\u00e4ppa in Sverigedemokraterna i en ny Tid\u00f6regering verkar ingen tro p\u00e5 beskedet. <\/p>\n<p class=\"hyperion-css-1v9qo5x\">Det \u00e4r inte s\u00e5 konstigt. Jimmie \u00c5kesson kr\u00e4ver att f\u00e5 ing\u00e5 i regeringen efter valet. Han kommer inte n\u00f6ja sig med ett nytt Tid\u00f6avtal.<\/p>\n<p class=\"hyperion-css-1v9qo5x\">Sverigedemokraterna samlar just nu upp mot 23 procent i opinionsm\u00e4tningarna. Liberalerna stampar kring tv\u00e5 procent. Vem som kommer beh\u00f6va vika ner sig inser alla.<\/p>\n<p class=\"hyperion-css-1v9qo5x\">\u2013 Antingen f\u00e5r de \u00e4ndra sig, annars \u00e4r alternativet en socialdemokratisk statsminister,<a aria-label=\" har Jimmie \u00c5kesson \" class=\"opinion hyperion-css-15jkft9\" href=\"https:\/\/www.altinget.se\/artikel\/sd-beskedet-kommer-inte-slappa-fram-regeringen-som-l-vill-se\" rel=\"noopener nofollow noreferrer\" data-test-tag=\"external-link\" target=\"_blank\"> har Jimmie \u00c5kesson <\/a>sagt till Altinget.<\/p>\n<p class=\"hyperion-css-1v9qo5x\">Ska Liberalerna ha en chans att kravla sig \u00f6ver sp\u00e4rren talar allt just nu f\u00f6r att de m\u00e5ste f\u00f6rlita sig p\u00e5 st\u00f6dr\u00f6ster. D\u00e5 kan de inte s\u00e4ga nej till en potentiell regering med sina samarbetsparter. <\/p>\n<p class=\"hyperion-css-1v9qo5x\">Kan Mohamsson sitta kvar om hon tvingas byta fot? Det beslut som togs p\u00e5 landsm\u00f6tet i oktober gjordes sannolikt f\u00f6r att h\u00e5lla ihop partiet. Sl\u00e4pper man den sista r\u00f6da linjerna mot SD l\u00e4r m\u00e5nga l\u00e4mna i protest. Inte minst ur det viktiga Stockholmsdistriktet. Internt kommer det storma.<\/p>\n<p class=\"hyperion-css-1v9qo5x\">Det kan mycket v\u00e4l bli s\u00e5 att Liberalerna \u00e4nnu en g\u00e5ng byter partiledare under val\u00e5rsv\u00e5ren. Det \u00e4r nog l\u00e5ga odds p\u00e5 det, rentutav.<\/p>\n<p class=\"hyperion-css-1v9qo5x\">arrow<strong> Skr\u00e4llarna: Busch och Milj\u00f6partiet<\/strong><\/p>\n<p class=\"hyperion-css-1v9qo5x\">Finns det n\u00e5gon skr\u00e4llpotential? P\u00e5 h\u00f6gersidan finns tecken p\u00e5 att Ebba Buschs lite mer f\u00f6rsonande ton i relation mot Magdalena Andersson kan ha gett resultat i m\u00e4tningar. Kanske kan hon ta den ansvarstagande roll som Moderaterna inte l\u00e4ngre verkar intresserad av.<\/p>\n<p class=\"hyperion-css-1v9qo5x\">Bland de r\u00f6dgr\u00f6na verkar Milj\u00f6partiet ha hittat en grund att st\u00e5 p\u00e5. Om Socialdemokraterna forts\u00e4tter med h\u00e5rda tag i kriminalpolitiken \u2013 och under \u00e5ret riktar sina vall\u00f6ften mot arbetarklassen \u2013 finns m\u00f6jligheter f\u00f6r Mp att st\u00e4rka sina f\u00e4sten hos den urbana medelklassen.<\/p>\n<p class=\"hyperion-css-1v9qo5x\">Men n\u00e5gon sensation i paritet med Mj\u00e4llbys fotbollsbragd? Skulle inte tro det. <\/p>\n","protected":false},"excerpt":{"rendered":"En partiledare kommer avg\u00e5 \u2013 och r\u00f6da linjer m\u00e5ste brytasshare-arrowDela unsaveSpara expand-left helsk\u00e4rmVilka partiledare h\u00e5ller sina l\u00f6ften i&hellip;\n","protected":false},"author":2,"featured_media":122361,"comment_status":"","ping_status":"","sticky":false,"template":"","format":"standard","meta":{"footnotes":""},"categories":[5],"tags":[22,23,26,27,17,21,24,25,28,29,15,16,18,34,31,33,32,30,19,20],"class_list":{"0":"post-122360","1":"post","2":"type-post","3":"status-publish","4":"format-standard","5":"has-post-thumbnail","7":"category-rubriker","8":"tag-breaking-news","9":"tag-breakingnews","10":"tag-featured-news","11":"tag-featurednews","12":"tag-headlines","13":"tag-huvudnyheter","14":"tag-latest-news","15":"tag-latestnews","16":"tag-main-news","17":"tag-mainnews","18":"tag-news","19":"tag-nyheter","20":"tag-rubriker","21":"tag-se","22":"tag-svenska","23":"tag-sverige","24":"tag-sweden","25":"tag-swedish","26":"tag-top-stories","27":"tag-topstories"},"share_on_mastodon":{"url":"https:\/\/pubeurope.com\/@se\/115818709809364853","error":""},"_links":{"self":[{"href":"https:\/\/www.europesays.com\/se\/wp-json\/wp\/v2\/posts\/122360","targetHints":{"allow":["GET"]}}],"collection":[{"href":"https:\/\/www.europesays.com\/se\/wp-json\/wp\/v2\/posts"}],"about":[{"href":"https:\/\/www.europesays.com\/se\/wp-json\/wp\/v2\/types\/post"}],"author":[{"embeddable":true,"href":"https:\/\/www.europesays.com\/se\/wp-json\/wp\/v2\/users\/2"}],"replies":[{"embeddable":true,"href":"https:\/\/www.europesays.com\/se\/wp-json\/wp\/v2\/comments?post=122360"}],"version-history":[{"count":0,"href":"https:\/\/www.europesays.com\/se\/wp-json\/wp\/v2\/posts\/122360\/revisions"}],"wp:featuredmedia":[{"embeddable":true,"href":"https:\/\/www.europesays.com\/se\/wp-json\/wp\/v2\/media\/122361"}],"wp:attachment":[{"href":"https:\/\/www.europesays.com\/se\/wp-json\/wp\/v2\/media?parent=122360"}],"wp:term":[{"taxonomy":"category","embeddable":true,"href":"https:\/\/www.europesays.com\/se\/wp-json\/wp\/v2\/categories?post=122360"},{"taxonomy":"post_tag","embeddable":true,"href":"https:\/\/www.europesays.com\/se\/wp-json\/wp\/v2\/tags?post=122360"}],"curies":[{"name":"wp","href":"https:\/\/api.w.org\/{rel}","templated":true}]}}