{"id":122366,"date":"2026-01-01T07:48:11","date_gmt":"2026-01-01T07:48:11","guid":{"rendered":"https:\/\/www.europesays.com\/se\/122366\/"},"modified":"2026-01-01T07:48:11","modified_gmt":"2026-01-01T07:48:11","slug":"01-januari-08-00-sammanfattning-natt-jonkopings-lan","status":"publish","type":"post","link":"https:\/\/www.europesays.com\/se\/122366\/","title":{"rendered":"01 januari 08.00, Sammanfattning natt, J\u00f6nk\u00f6pings l\u00e4n"},"content":{"rendered":"<p>God morgon. Under ny\u00e5rsnatten har polisens regionledningscentral \u00f6st hanterat ett 160-tal \u00e4renden som r\u00f6r J\u00f6nk\u00f6pings l\u00e4n. Det har bland annat r\u00f6rt sig om larm om fyrverkerier samt omh\u00e4ndertagande av berusade personer. Det har ocks\u00e5 inkommit en del samtal om mindre br\u00e4nder utomhus samt larm om personer som skjutit raketer mot varandra och byggnader. Ingen person har skadats allvarligt i samband med detta och vid kontroll av h\u00e4ndelserna har ingen person kunnat antr\u00e4ffas. Polispatruller har arbetat proaktivt med att prata med personer och med synlighet. \u00a0<\/p>\n<p><strong>22:31, Allm\u00e4nfarlig v\u00e5rdsl\u00f6shet, Vetlanda\u00a0<\/strong><br \/>En anm\u00e4lan om allm\u00e4nfarlig v\u00e5rdsl\u00f6shet uppr\u00e4ttas efter att en fyrverkeripj\u00e4s v\u00e4lt och orsakat en mindre brand i en villa.\u00a0<\/p>\n<p><strong>01:53, Misshandel, Vetlanda\u00a0<\/strong><br \/>En person skadades i samband med en h\u00e4ndelse i en bostad i Vetlanda. Personen, en man under 20 \u00e5r, ska ha blivit utsatt f\u00f6r en misshandel med n\u00e5gon typ av vasst tillhygge. H\u00e4ndelsen \u00e4r i nul\u00e4get rubricerad som grov misshandel och omst\u00e4ndigheterna kring det intr\u00e4ffade \u00e4r inte helt klarlagda.\u00a0<\/p>\n","protected":false},"excerpt":{"rendered":"God morgon. Under ny\u00e5rsnatten har polisens regionledningscentral \u00f6st hanterat ett 160-tal \u00e4renden som r\u00f6r J\u00f6nk\u00f6pings l\u00e4n. Det har&hellip;\n","protected":false},"author":2,"featured_media":54,"comment_status":"","ping_status":"","sticky":false,"template":"","format":"standard","meta":{"footnotes":""},"categories":[12],"tags":[22,23,26,27,17,21,24,25,28,29,15,16,18,34,31,33,32,30,19,20],"class_list":{"0":"post-122366","1":"post","2":"type-post","3":"status-publish","4":"format-standard","5":"has-post-thumbnail","7":"category-sverige","8":"tag-breaking-news","9":"tag-breakingnews","10":"tag-featured-news","11":"tag-featurednews","12":"tag-headlines","13":"tag-huvudnyheter","14":"tag-latest-news","15":"tag-latestnews","16":"tag-main-news","17":"tag-mainnews","18":"tag-news","19":"tag-nyheter","20":"tag-rubriker","21":"tag-se","22":"tag-svenska","23":"tag-sverige","24":"tag-sweden","25":"tag-swedish","26":"tag-top-stories","27":"tag-topstories"},"share_on_mastodon":{"url":"https:\/\/pubeurope.com\/@se\/115818745280291094","error":""},"_links":{"self":[{"href":"https:\/\/www.europesays.com\/se\/wp-json\/wp\/v2\/posts\/122366","targetHints":{"allow":["GET"]}}],"collection":[{"href":"https:\/\/www.europesays.com\/se\/wp-json\/wp\/v2\/posts"}],"about":[{"href":"https:\/\/www.europesays.com\/se\/wp-json\/wp\/v2\/types\/post"}],"author":[{"embeddable":true,"href":"https:\/\/www.europesays.com\/se\/wp-json\/wp\/v2\/users\/2"}],"replies":[{"embeddable":true,"href":"https:\/\/www.europesays.com\/se\/wp-json\/wp\/v2\/comments?post=122366"}],"version-history":[{"count":0,"href":"https:\/\/www.europesays.com\/se\/wp-json\/wp\/v2\/posts\/122366\/revisions"}],"wp:featuredmedia":[{"embeddable":true,"href":"https:\/\/www.europesays.com\/se\/wp-json\/wp\/v2\/media\/54"}],"wp:attachment":[{"href":"https:\/\/www.europesays.com\/se\/wp-json\/wp\/v2\/media?parent=122366"}],"wp:term":[{"taxonomy":"category","embeddable":true,"href":"https:\/\/www.europesays.com\/se\/wp-json\/wp\/v2\/categories?post=122366"},{"taxonomy":"post_tag","embeddable":true,"href":"https:\/\/www.europesays.com\/se\/wp-json\/wp\/v2\/tags?post=122366"}],"curies":[{"name":"wp","href":"https:\/\/api.w.org\/{rel}","templated":true}]}}