{"id":122367,"date":"2026-01-01T07:49:07","date_gmt":"2026-01-01T07:49:07","guid":{"rendered":"https:\/\/www.europesays.com\/se\/122367\/"},"modified":"2026-01-01T07:49:07","modified_gmt":"2026-01-01T07:49:07","slug":"01-januari-07-42-sammanfattning-natt-norrbottens-lan-polisen-se","status":"publish","type":"post","link":"https:\/\/www.europesays.com\/se\/122367\/","title":{"rendered":"01 januari 07.42, Sammanfattning natt, Norrbottens l\u00e4n &#8211; Polisen.se"},"content":{"rendered":"<ol>\n<li><a href=\"https:\/\/news.google.com\/rss\/articles\/CBMiqgFBVV95cUxQd3Z6R3BSSXV3dklvYlEwXzZQeTVRLVZxdm8xcFlKbjhjcTRJZVpwLU9uMU1JS2RHX19Tem5tYzVuaUg1SDRNcEpUZDJVSkhrS2tpZC04SERQa3hpODBEaXFRWkVYTHdfX01DMFNCNEIxMU1fb01VN283dW1ZQnV5bFFtand1X1c0MzdvSmp5S2xWWXFzSkx1eGEyeGtGQWlHWmZZbFEwZ3dWQQ?oc=5\" target=\"_blank\" rel=\"nofollow noopener\">01 januari 07.42, Sammanfattning natt, Norrbottens l\u00e4n<\/a>&nbsp;&nbsp;Polisen.se<\/li>\n<li><a href=\"https:\/\/news.google.com\/rss\/articles\/CBMioAFBVV95cUxQaGtDdW04V3NlbTljWGpBclVEeUZqelBDeUdGU1dNZjkxZklOOTJuU21MNkZZT3NhcXdqS0dUMktFdnhKbHlkSmpFeHBSdUljaVBVeVhFbkJVMUxwNmxfYU5VSjJjR0I0U3NsTkp4Z3BtbGZsTkhKeF9yTWZsRUUyQjAxWTlTN2NEQmdKcl8tcHBjenM5QWRHTmszQWhUVTdK?oc=5\" target=\"_blank\" rel=\"nofollow noopener\">St\u00f6kig natt: Raket i folkmassa, \u00e5tta omh\u00e4ndertagna f\u00f6r fylla<\/a>&nbsp;&nbsp;NSD<\/li>\n<li><a href=\"https:\/\/news.google.com\/rss\/articles\/CBMi3wFBVV95cUxQdUdFaC16ZlNRMVZDcmM0OG9BaFBXQVBGNUFYcjBkNC14TFJxMThfUV9LV004UlVaR05Bd0tyN0lHUkI3R1lzTDFkeDlXNHF2bDlaLVIteWMzS2I5UzR2WEVNNlVucy1LUUxyT0h3Q3Y5Mlh5VXMyOEVfcVdmSnYwTmlndFRQcFZSeENyVEh6dzh4NUQxdnNQdlpFdmRoOFdJd1RlRGJULThDTnVaaHRtY1pjQW5iVU1sZk9aOVhuVGkwWlNKUm5RX3FTOGlXNVNpdERXWF9KVEFmNHFlZDJ3?oc=5\" target=\"_blank\" rel=\"nofollow noopener\">Norrbotten, ett urval av nattens polisverksamhet<\/a>&nbsp;&nbsp;Brottsplatskartan.se<\/li>\n<li><a href=\"https:\/\/news.google.com\/rss\/articles\/CBMipwFBVV95cUxOQVZIbHJXTklrUXBWSzYwX2tBSmtjRTBOLTctQlZzekluc0lGUU5HcmdqQVBScWdQRVFjY1BjOG1Zc2VvV0dGX0tsb3ZZbm5jVmxWd1J0QU5FTEEtbk1PNUxNS3dPOENQV2pKSXgxQ3lwTlE0bElicGdRUkVwMHdjNmxDOEFwREhWbW5SXzRPZ2FadmZDUmctcDZtT0NlNk5GRkhpNXFDUQ?oc=5\" target=\"_blank\" rel=\"nofollow noopener\">Fylla och skadeg\u00f6relse: S\u00e5 var natten f\u00f6r polisen<\/a>&nbsp;&nbsp;Kuriren<\/li>\n<li><a href=\"https:\/\/news.google.com\/rss\/articles\/CBMi4AFBVV95cUxQWGluQlZwa1ZldjBjY05NZFBWM1pvbk55cVl2R0hiRjRxNlM2Z3dZS21Na29nMDVtbEhBUlctVlN4VnJ0ang4d2hKc25PTmo0cmh6TU5BWVVMQlk5TWg5NmphbG9EaXNtWUlzQ05jSGhodkU0V3lXYW1DZjc0TXpqR1NIM1poemVtUjRXQnplQ0ZnODNNT2JTTUZPUmdJN0tMN1RPUlQzMGtGTzdfV3h5ZGFuSS1vekQ1amw0XzY1Y25MTzVwVkprODVYbFBSQVhWOGs4ZVBlR2pTVWVUWGNvZg?oc=5\" target=\"_blank\" rel=\"nofollow noopener\">Ett urval av ny\u00e5rsnattens polisverksamhet klockan 00:00-07:00<\/a>&nbsp;&nbsp;Brottsplatskartan.se<\/li>\n<\/ol>\n","protected":false},"excerpt":{"rendered":"01 januari 07.42, Sammanfattning natt, Norrbottens l\u00e4n&nbsp;&nbsp;Polisen.se St\u00f6kig natt: Raket i folkmassa, \u00e5tta omh\u00e4ndertagna f\u00f6r fylla&nbsp;&nbsp;NSD Norrbotten, ett&hellip;\n","protected":false},"author":2,"featured_media":54,"comment_status":"","ping_status":"","sticky":false,"template":"","format":"standard","meta":{"footnotes":""},"categories":[5],"tags":[22,23,26,27,17,21,24,25,28,29,15,16,18,34,31,33,32,30,19,20],"class_list":{"0":"post-122367","1":"post","2":"type-post","3":"status-publish","4":"format-standard","5":"has-post-thumbnail","7":"category-rubriker","8":"tag-breaking-news","9":"tag-breakingnews","10":"tag-featured-news","11":"tag-featurednews","12":"tag-headlines","13":"tag-huvudnyheter","14":"tag-latest-news","15":"tag-latestnews","16":"tag-main-news","17":"tag-mainnews","18":"tag-news","19":"tag-nyheter","20":"tag-rubriker","21":"tag-se","22":"tag-svenska","23":"tag-sverige","24":"tag-sweden","25":"tag-swedish","26":"tag-top-stories","27":"tag-topstories"},"share_on_mastodon":{"url":"https:\/\/pubeurope.com\/@se\/115818749108480227","error":""},"_links":{"self":[{"href":"https:\/\/www.europesays.com\/se\/wp-json\/wp\/v2\/posts\/122367","targetHints":{"allow":["GET"]}}],"collection":[{"href":"https:\/\/www.europesays.com\/se\/wp-json\/wp\/v2\/posts"}],"about":[{"href":"https:\/\/www.europesays.com\/se\/wp-json\/wp\/v2\/types\/post"}],"author":[{"embeddable":true,"href":"https:\/\/www.europesays.com\/se\/wp-json\/wp\/v2\/users\/2"}],"replies":[{"embeddable":true,"href":"https:\/\/www.europesays.com\/se\/wp-json\/wp\/v2\/comments?post=122367"}],"version-history":[{"count":0,"href":"https:\/\/www.europesays.com\/se\/wp-json\/wp\/v2\/posts\/122367\/revisions"}],"wp:featuredmedia":[{"embeddable":true,"href":"https:\/\/www.europesays.com\/se\/wp-json\/wp\/v2\/media\/54"}],"wp:attachment":[{"href":"https:\/\/www.europesays.com\/se\/wp-json\/wp\/v2\/media?parent=122367"}],"wp:term":[{"taxonomy":"category","embeddable":true,"href":"https:\/\/www.europesays.com\/se\/wp-json\/wp\/v2\/categories?post=122367"},{"taxonomy":"post_tag","embeddable":true,"href":"https:\/\/www.europesays.com\/se\/wp-json\/wp\/v2\/tags?post=122367"}],"curies":[{"name":"wp","href":"https:\/\/api.w.org\/{rel}","templated":true}]}}