{"id":122372,"date":"2026-01-01T07:56:08","date_gmt":"2026-01-01T07:56:08","guid":{"rendered":"https:\/\/www.europesays.com\/se\/122372\/"},"modified":"2026-01-01T07:56:08","modified_gmt":"2026-01-01T07:56:08","slug":"polisen-om-nyarsnatten-lugnare-an-forvantat","status":"publish","type":"post","link":"https:\/\/www.europesays.com\/se\/122372\/","title":{"rendered":"Polisen om ny\u00e5rsnatten: Lugnare \u00e4n f\u00f6rv\u00e4ntat"},"content":{"rendered":"<p>Sedan klockan 22 p\u00e5 kv\u00e4llen har cirka 700 h\u00e4ndelser registrerats hos polisen. Sammanfattningsvis har 36 personer omh\u00e4ndertagits f\u00f6r fylleri. Tjugo anm\u00e4lningar om misshandel har uppr\u00e4ttats och sju personer har gripits. Polisen har varit p\u00e5 plats vid 16 trafikolyckor men inga av de ska vara allvarliga. Runt ett \u00e5ttiotal brott mot ordningslagen g\u00e4llande fyrverkerier har skett. Det h\u00e4r enligt ett pressmeddelande fr\u00e5n polisen. Siffrorna g\u00e4ller b\u00e5de V\u00e4stra G\u00f6taland och Halland.<\/p>\n","protected":false},"excerpt":{"rendered":"Sedan klockan 22 p\u00e5 kv\u00e4llen har cirka 700 h\u00e4ndelser registrerats hos polisen. Sammanfattningsvis har 36 personer omh\u00e4ndertagits f\u00f6r&hellip;\n","protected":false},"author":2,"featured_media":793,"comment_status":"","ping_status":"","sticky":false,"template":"","format":"standard","meta":{"footnotes":""},"categories":[12],"tags":[22,23,26,27,17,21,24,25,28,29,15,16,18,34,31,33,32,30,19,20],"class_list":{"0":"post-122372","1":"post","2":"type-post","3":"status-publish","4":"format-standard","5":"has-post-thumbnail","7":"category-sverige","8":"tag-breaking-news","9":"tag-breakingnews","10":"tag-featured-news","11":"tag-featurednews","12":"tag-headlines","13":"tag-huvudnyheter","14":"tag-latest-news","15":"tag-latestnews","16":"tag-main-news","17":"tag-mainnews","18":"tag-news","19":"tag-nyheter","20":"tag-rubriker","21":"tag-se","22":"tag-svenska","23":"tag-sverige","24":"tag-sweden","25":"tag-swedish","26":"tag-top-stories","27":"tag-topstories"},"share_on_mastodon":{"url":"https:\/\/pubeurope.com\/@se\/115818776866060071","error":""},"_links":{"self":[{"href":"https:\/\/www.europesays.com\/se\/wp-json\/wp\/v2\/posts\/122372","targetHints":{"allow":["GET"]}}],"collection":[{"href":"https:\/\/www.europesays.com\/se\/wp-json\/wp\/v2\/posts"}],"about":[{"href":"https:\/\/www.europesays.com\/se\/wp-json\/wp\/v2\/types\/post"}],"author":[{"embeddable":true,"href":"https:\/\/www.europesays.com\/se\/wp-json\/wp\/v2\/users\/2"}],"replies":[{"embeddable":true,"href":"https:\/\/www.europesays.com\/se\/wp-json\/wp\/v2\/comments?post=122372"}],"version-history":[{"count":0,"href":"https:\/\/www.europesays.com\/se\/wp-json\/wp\/v2\/posts\/122372\/revisions"}],"wp:featuredmedia":[{"embeddable":true,"href":"https:\/\/www.europesays.com\/se\/wp-json\/wp\/v2\/media\/793"}],"wp:attachment":[{"href":"https:\/\/www.europesays.com\/se\/wp-json\/wp\/v2\/media?parent=122372"}],"wp:term":[{"taxonomy":"category","embeddable":true,"href":"https:\/\/www.europesays.com\/se\/wp-json\/wp\/v2\/categories?post=122372"},{"taxonomy":"post_tag","embeddable":true,"href":"https:\/\/www.europesays.com\/se\/wp-json\/wp\/v2\/tags?post=122372"}],"curies":[{"name":"wp","href":"https:\/\/api.w.org\/{rel}","templated":true}]}}